[{"@context":"https:\/\/schema.org\/","@type":"Article","@id":"https:\/\/www.bellafit.cz\/prijemna-dovolena\/#Article","mainEntityOfPage":"https:\/\/www.bellafit.cz\/prijemna-dovolena\/","headline":"P\u0159\u00edjemn\u00e1 dovolen\u00e1","name":"P\u0159\u00edjemn\u00e1 dovolen\u00e1","description":"Dovolen\u00e1 je podle m\u00e9ho n\u00e1zoru pro ka\u017ed\u00e9ho \u010dlov\u011bku d\u016fle\u017eit\u00e1, proto\u017ee kdy\u017e je \u010dlov\u011bk neodpo\u010dat\u00fd\u00a0a st\u00e1le jenom pracuje, tak.","datePublished":"2023-10-30","dateModified":"2023-10-30","author":{"@type":"Person","@id":"https:\/\/www.bellafit.cz\/author\/devene\/#Person","name":"devene","url":"https:\/\/www.bellafit.cz\/author\/devene\/","identifier":1,"image":{"@type":"ImageObject","@id":"https:\/\/secure.gravatar.com\/avatar\/7726f7b8e3ba8979c4cf2ad896cb2e8cc05af8ceb17ce4fb40617b72e0be53b4?s=96&d=mm&r=g","url":"https:\/\/secure.gravatar.com\/avatar\/7726f7b8e3ba8979c4cf2ad896cb2e8cc05af8ceb17ce4fb40617b72e0be53b4?s=96&d=mm&r=g","height":96,"width":96}},"publisher":{"@type":"Organization","name":"bellafit.cz","logo":{"@type":"ImageObject","@id":"\/logo.png","url":"\/logo.png","width":600,"height":60}},"image":{"@type":"ImageObject","@id":"https:\/\/www.bellafit.cz\/wp-content\/uploads\/beach-1868047_1280_1.jpg","url":"https:\/\/www.bellafit.cz\/wp-content\/uploads\/beach-1868047_1280_1.jpg","height":0,"width":0},"url":"https:\/\/www.bellafit.cz\/prijemna-dovolena\/","about":["Dovolen\u00e1"],"wordCount":425,"articleBody":"Dovolen\u00e1 je podle m\u00e9ho n\u00e1zoru pro ka\u017ed\u00e9ho \u010dlov\u011bku d\u016fle\u017eit\u00e1, proto\u017ee kdy\u017e je \u010dlov\u011bk neodpo\u010dat\u00fd\u00a0a st\u00e1le jenom pracuje, tak to potom tak\u00e9 m\u016f\u017ee m\u00edt opravdu neblah\u00fd vliv na jeho psychiku. J\u00e1 tedy obecn\u011b d\u00e1v\u00e1m na to, \u017ee abych m\u011bla zam\u011bstn\u00e1n\u00ed anebo i doma lep\u0161\u00ed v\u00fdkony, tak si\u00a0tak\u00e9 v\u017edycky pot\u0159ebuj\u00ed v\u017edy po\u0159\u00e1dn\u011b odpo\u010dinout. Kdy\u017e jsem neodpo\u010dat\u00e1, tak v\u017edycky jsem takov\u00e1 unaven\u00e1 a nem\u00e1m na nic n\u00e1ladu, proto\u00a0jsem si \u0159ekla, \u017ee kdy\u017e pojedeme s partnerem p\u0159\u00ed\u0161t\u00ed rok na dovolenou, tak bych cht\u011bla, abychom jeli t\u0159eba alespo\u0148 jednu\u00a0dovolenou bez d\u011bt\u00ed. Bez d\u011bti samoz\u0159ejm\u011b je to tak\u00e9 prima, proto\u017ee kdy\u017e je p\u00e1r, tak samoz\u0159ejm\u011b tak\u00e9 pot\u0159ebuje m\u00edt n\u011bkdy jenom \u010das pro sebe. T\u0159eba j\u00edt na ve\u010de\u0159i anebo pr\u00e1v\u011b na zm\u00edn\u011bnou dovolenou. S\u00a0d\u011btmi jezd\u00edme ka\u017ed\u00fd rok na dovolenou a potom je\u0161t\u011b o velk\u00fdch pr\u00e1zdnin\u00e1ch do zoo. D\u011bti tohle maj\u00ed r\u00e1di, jenom\u017ee tak\u00e9 logicky ka\u017ed\u00fd p\u00e1r chce m\u00edt sv\u00e9 soukrom\u00ed, aby si u\u017eil intimitu a tak podobn\u011b. Proto je nejlep\u0161\u00ed, kdy\u017e lid\u00e9 si tak\u00e9 ud\u011blaj\u00ed \u010das pro sebe. Kdy\u017e maj\u00ed \u010das pro sebe, tak je to skv\u011bl\u00e9. A kdy\u017e t\u0159eba lid\u00e9 opravdu hodn\u011b pracuj\u00ed a jsou st\u00e1le mezi lidmi, tak ur\u010dit\u011b tak\u00e9 budou cht\u00edt ob\u010das vypnout. Budou cht\u00edt ob\u010das n\u011bjak\u00fd relax? A co je lep\u0161\u00edho, ne\u017e po\u0159\u00e1dn\u00e1\u00a0dovolen\u00e1? Kam nejrad\u011bji jezd\u00edte na dovolenou? Mnoho lid\u00ed d\u00e1v\u00e1 nejv\u00edce p\u0159ednost pr\u00e1v\u011b n\u011bkde u mo\u0159e, kde je teplo, kde se mohou p\u011bkn\u011b v mo\u0159i vykoupat. Jsou ale lid\u00e9, kte\u0159\u00ed zase d\u00e1vaj\u00ed p\u0159ednost takov\u00e9 dovolen\u00e9, kde je zima. A to hlavn\u011b kv\u016fli tomu, aby si mohli zaly\u017eovat. Jenom\u017ee m\u011b ly\u017eov\u00e1n\u00ed ani bruslen\u00ed v\u016fbec nebere. M\u011b to absolutn\u011b nebav\u00ed. Sice partnera ano, ale tak pr\u00e1v\u011b na ly\u017eov\u00e1n\u00ed jezd\u00ed se sv\u00fdmi p\u0159\u00e1teli a tak\u00e9 se sv\u00fdm bratrem. M\u016fj bratr ob\u010das jede s nimi, proto\u017ee m\u016fj bratr m\u00e1 tak\u00e9 r\u00e1d ly\u017eov\u00e1n\u00ed a bruslen\u00ed. A kdy\u017e maj\u00ed takovou p\u00e1nskou\u00a0dovolenou, v\u0161echny to bav\u00ed a my zase m\u00e1me doma hol\u010di\u010d\u00ed p\u00e1rty. A kdo by to necht\u011bl?\u00a0                                                                                                                                                                                                                                                                                                                                                                                                "},{"@context":"https:\/\/schema.org\/","@type":"BreadcrumbList","itemListElement":[{"@type":"ListItem","position":1,"name":"P\u0159\u00edjemn\u00e1 dovolen\u00e1","item":"https:\/\/www.bellafit.cz\/prijemna-dovolena\/#breadcrumbitem"}]}]