[{"@context":"https:\/\/schema.org\/","@type":"Article","@id":"https:\/\/www.bellafit.cz\/poridte-si-je-do-svych-domovu\/#Article","mainEntityOfPage":"https:\/\/www.bellafit.cz\/poridte-si-je-do-svych-domovu\/","headline":"Po\u0159i\u010fte si je do sv\u00fdch domov\u016f","name":"Po\u0159i\u010fte si je do sv\u00fdch domov\u016f","description":"Jsme tady, abychom v\u00e1m nab\u00eddli n\u011bkter\u00e9 z na\u0161ich interi\u00e9rov\u00fdch dve\u0159\u00ed Plze\u0148. Vyzna\u010duj\u00ed se tou nejlep\u0161\u00ed kvalitou, proto budou.","datePublished":"2025-09-04","dateModified":"2025-09-04","author":{"@type":"Person","@id":"https:\/\/www.bellafit.cz\/author\/devene\/#Person","name":"devene","url":"https:\/\/www.bellafit.cz\/author\/devene\/","identifier":1,"image":{"@type":"ImageObject","@id":"https:\/\/secure.gravatar.com\/avatar\/7726f7b8e3ba8979c4cf2ad896cb2e8cc05af8ceb17ce4fb40617b72e0be53b4?s=96&d=mm&r=g","url":"https:\/\/secure.gravatar.com\/avatar\/7726f7b8e3ba8979c4cf2ad896cb2e8cc05af8ceb17ce4fb40617b72e0be53b4?s=96&d=mm&r=g","height":96,"width":96}},"publisher":{"@type":"Organization","name":"bellafit.cz","logo":{"@type":"ImageObject","@id":"\/logo.png","url":"\/logo.png","width":600,"height":60}},"url":"https:\/\/www.bellafit.cz\/poridte-si-je-do-svych-domovu\/","wordCount":176,"articleBody":"Jsme tady, abychom v\u00e1m nab\u00eddli n\u011bkter\u00e9 z na\u0161ich interi\u00e9rov\u00fdch dve\u0159\u00ed Plze\u0148. Vyzna\u010duj\u00ed se tou nejlep\u0161\u00ed kvalitou, proto budou ve va\u0161ich dom\u00e1cnostech skv\u011ble vypadat. Opat\u0159it si je m\u016f\u017eete i do sv\u00fdch kancel\u00e1\u0159\u00ed, administrativn\u00edch budov a jinde. Pokud o n\u011b budete m\u00edt z\u00e1jem, budeme r\u00e1di, kdy\u017e se za n\u00e1mi zastav\u00edte a jejich v\u00fdrobu si objedn\u00e1te. T\u011b\u0161\u00edme se na v\u0161echny va\u0161e objedn\u00e1vky. Jsme zak\u00e1zkov\u00e1 v\u00fdroba na m\u00edru Ji\u017e jste si prohl\u00e9dli na\u0161e interi\u00e9rov\u00e9 dve\u0159e Plze\u0148? Pokud je\u0161t\u011b nikoliv, p\u0159iv\u00edt\u00e1me, kdy\u017e se k n\u00e1m vyd\u00e1te. R\u00e1di v\u00e1m je p\u0159edstav\u00edme. Bude potom jenom na v\u00e1s, zda se je rozhodnete zakoupit \u010di nikoliv. Na\u0161i odborn\u00edci v\u00e1m budou nabl\u00edzku. M\u016f\u017eete se jejich sami zeptat, co v\u00e1s zaj\u00edm\u00e1. R\u00e1di v\u00e1m pomohou, ale kone\u010dn\u00e9 rozhodnut\u00ed mus\u00edte u\u010dinit jenom vy sami.                                                                                                                                                                                                                                                                                                                                                                                                "},{"@context":"https:\/\/schema.org\/","@type":"BreadcrumbList","itemListElement":[{"@type":"ListItem","position":1,"name":"Po\u0159i\u010fte si je do sv\u00fdch domov\u016f","item":"https:\/\/www.bellafit.cz\/poridte-si-je-do-svych-domovu\/#breadcrumbitem"}]}]