[{"@context":"https:\/\/schema.org\/","@type":"Blog","@id":"https:\/\/www.bellafit.cz#Blog","headline":"Bellafit","description":"\nNa ka\u017ed\u00e9m webu se d\u00e1 n\u011bco naj\u00edt. N\u011bkdy je nab\u00eddka dobr\u00e1, n\u011bkdy je\u0161t\u011b lep\u0161\u00ed. A ta na na\u0161em webu, jak jsme o tom p\u0159esv\u011bd\u010deni, je jednozna\u010dn\u011b nejlep\u0161\u00ed.","url":"https:\/\/www.bellafit.cz","hasPart":[{"@type":"Article","@id":"https:\/\/www.bellafit.cz\/ciste-naradi\/","headline":"\u010cist\u00e9 n\u00e1\u0159ad\u00ed","url":"https:\/\/www.bellafit.cz\/ciste-naradi\/","datePublished":"2024-02-28","dateModified":"2024-03-28","mainEntityOfPage":"https:\/\/www.bellafit.cz\/ciste-naradi\/","author":{"@type":"Person","@id":"https:\/\/www.bellafit.cz\/author\/devene\/#Person","name":"devene","url":"https:\/\/www.bellafit.cz\/author\/devene\/","identifier":1,"image":{"@type":"ImageObject","@id":"https:\/\/secure.gravatar.com\/avatar\/7726f7b8e3ba8979c4cf2ad896cb2e8cc05af8ceb17ce4fb40617b72e0be53b4?s=96&d=mm&r=g","url":"https:\/\/secure.gravatar.com\/avatar\/7726f7b8e3ba8979c4cf2ad896cb2e8cc05af8ceb17ce4fb40617b72e0be53b4?s=96&d=mm&r=g","height":96,"width":96}},"publisher":{"@type":"Organization","name":"bellafit.cz","logo":{"@type":"ImageObject","@id":"\/logo.png","url":"\/logo.png","width":600,"height":60}},"image":{"@type":"ImageObject","@id":"https:\/\/www.bellafit.cz\/wp-content\/uploads\/locomotive-roundhouse-180057_960_720.jpg","url":"https:\/\/www.bellafit.cz\/wp-content\/uploads\/locomotive-roundhouse-180057_960_720.jpg","height":0,"width":0},"wordCount":635,"keywords":null},{"@type":"Article","@id":"https:\/\/www.bellafit.cz\/webova-aplikace-na-miru\/","headline":"Webov\u00e1 aplikace na m\u00edru?","url":"https:\/\/www.bellafit.cz\/webova-aplikace-na-miru\/","datePublished":"2024-02-26","dateModified":"2024-03-26","mainEntityOfPage":"https:\/\/www.bellafit.cz\/webova-aplikace-na-miru\/","author":{"@type":"Person","@id":"https:\/\/www.bellafit.cz\/author\/devene\/#Person","name":"devene","url":"https:\/\/www.bellafit.cz\/author\/devene\/","identifier":1,"image":{"@type":"ImageObject","@id":"https:\/\/secure.gravatar.com\/avatar\/7726f7b8e3ba8979c4cf2ad896cb2e8cc05af8ceb17ce4fb40617b72e0be53b4?s=96&d=mm&r=g","url":"https:\/\/secure.gravatar.com\/avatar\/7726f7b8e3ba8979c4cf2ad896cb2e8cc05af8ceb17ce4fb40617b72e0be53b4?s=96&d=mm&r=g","height":96,"width":96}},"publisher":{"@type":"Organization","name":"bellafit.cz","logo":{"@type":"ImageObject","@id":"\/logo.png","url":"\/logo.png","width":600,"height":60}},"image":{"@type":"ImageObject","@id":"https:\/\/www.bellafit.cz\/wp-content\/uploads\/carlos-muza-hpjSkU2UYSU-unsplash_3.jpg","url":"https:\/\/www.bellafit.cz\/wp-content\/uploads\/carlos-muza-hpjSkU2UYSU-unsplash_3.jpg","height":0,"width":0},"wordCount":490,"keywords":null},{"@type":"Article","@id":"https:\/\/www.bellafit.cz\/usijte-si-sama\/","headline":"U\u0161ijte si sama","url":"https:\/\/www.bellafit.cz\/usijte-si-sama\/","datePublished":"2024-02-15","dateModified":"2024-02-15","mainEntityOfPage":"https:\/\/www.bellafit.cz\/usijte-si-sama\/","author":{"@type":"Person","@id":"https:\/\/www.bellafit.cz\/author\/devene\/#Person","name":"devene","url":"https:\/\/www.bellafit.cz\/author\/devene\/","identifier":1,"image":{"@type":"ImageObject","@id":"https:\/\/secure.gravatar.com\/avatar\/7726f7b8e3ba8979c4cf2ad896cb2e8cc05af8ceb17ce4fb40617b72e0be53b4?s=96&d=mm&r=g","url":"https:\/\/secure.gravatar.com\/avatar\/7726f7b8e3ba8979c4cf2ad896cb2e8cc05af8ceb17ce4fb40617b72e0be53b4?s=96&d=mm&r=g","height":96,"width":96}},"publisher":{"@type":"Organization","name":"bellafit.cz","logo":{"@type":"ImageObject","@id":"\/logo.png","url":"\/logo.png","width":600,"height":60}},"image":{"@type":"ImageObject","@id":"https:\/\/www.bellafit.cz\/wp-content\/uploads\/sewing-maching-7169281_640_2.jpg","url":"https:\/\/www.bellafit.cz\/wp-content\/uploads\/sewing-maching-7169281_640_2.jpg","height":0,"width":0},"wordCount":546,"keywords":null},{"@type":"Article","@id":"https:\/\/www.bellafit.cz\/co-nabizime\/","headline":"Co nab\u00edz\u00edme?","url":"https:\/\/www.bellafit.cz\/co-nabizime\/","datePublished":"2024-02-15","dateModified":"2024-03-15","mainEntityOfPage":"https:\/\/www.bellafit.cz\/co-nabizime\/","author":{"@type":"Person","@id":"https:\/\/www.bellafit.cz\/author\/devene\/#Person","name":"devene","url":"https:\/\/www.bellafit.cz\/author\/devene\/","identifier":1,"image":{"@type":"ImageObject","@id":"https:\/\/secure.gravatar.com\/avatar\/7726f7b8e3ba8979c4cf2ad896cb2e8cc05af8ceb17ce4fb40617b72e0be53b4?s=96&d=mm&r=g","url":"https:\/\/secure.gravatar.com\/avatar\/7726f7b8e3ba8979c4cf2ad896cb2e8cc05af8ceb17ce4fb40617b72e0be53b4?s=96&d=mm&r=g","height":96,"width":96}},"publisher":{"@type":"Organization","name":"bellafit.cz","logo":{"@type":"ImageObject","@id":"\/logo.png","url":"\/logo.png","width":600,"height":60}},"image":{"@type":"ImageObject","@id":"https:\/\/www.bellafit.cz\/wp-content\/uploads\/pexels-vojtech-okenka-392018_4.jpg","url":"https:\/\/www.bellafit.cz\/wp-content\/uploads\/pexels-vojtech-okenka-392018_4.jpg","height":0,"width":0},"wordCount":529,"keywords":null},{"@type":"Article","@id":"https:\/\/www.bellafit.cz\/dejte-detem-klice-na-krk-a-mate-klid\/","headline":"Dejte d\u011btem kl\u00ed\u010de na krk a m\u00e1te klid","url":"https:\/\/www.bellafit.cz\/dejte-detem-klice-na-krk-a-mate-klid\/","datePublished":"2024-02-14","dateModified":"2024-03-15","mainEntityOfPage":"https:\/\/www.bellafit.cz\/dejte-detem-klice-na-krk-a-mate-klid\/","author":{"@type":"Person","@id":"https:\/\/www.bellafit.cz\/author\/devene\/#Person","name":"devene","url":"https:\/\/www.bellafit.cz\/author\/devene\/","identifier":1,"image":{"@type":"ImageObject","@id":"https:\/\/secure.gravatar.com\/avatar\/7726f7b8e3ba8979c4cf2ad896cb2e8cc05af8ceb17ce4fb40617b72e0be53b4?s=96&d=mm&r=g","url":"https:\/\/secure.gravatar.com\/avatar\/7726f7b8e3ba8979c4cf2ad896cb2e8cc05af8ceb17ce4fb40617b72e0be53b4?s=96&d=mm&r=g","height":96,"width":96}},"publisher":{"@type":"Organization","name":"bellafit.cz","logo":{"@type":"ImageObject","@id":"\/logo.png","url":"\/logo.png","width":600,"height":60}},"image":{"@type":"ImageObject","@id":"https:\/\/www.bellafit.cz\/wp-content\/uploads\/key-3348307_640_2.jpg","url":"https:\/\/www.bellafit.cz\/wp-content\/uploads\/key-3348307_640_2.jpg","height":0,"width":0},"wordCount":520,"keywords":null},{"@type":"Article","@id":"https:\/\/www.bellafit.cz\/elektrikar-na-ktereho-se-muzete-spolehnout-na-praze-3\/","headline":"Elektrik\u00e1\u0159, na kter\u00e9ho se m\u016f\u017eete spolehnout na Praze 3.","url":"https:\/\/www.bellafit.cz\/elektrikar-na-ktereho-se-muzete-spolehnout-na-praze-3\/","datePublished":"2024-02-13","dateModified":"2024-05-24","mainEntityOfPage":"https:\/\/www.bellafit.cz\/elektrikar-na-ktereho-se-muzete-spolehnout-na-praze-3\/","author":{"@type":"Person","@id":"https:\/\/www.bellafit.cz\/author\/devene\/#Person","name":"devene","url":"https:\/\/www.bellafit.cz\/author\/devene\/","identifier":1,"image":{"@type":"ImageObject","@id":"https:\/\/secure.gravatar.com\/avatar\/7726f7b8e3ba8979c4cf2ad896cb2e8cc05af8ceb17ce4fb40617b72e0be53b4?s=96&d=mm&r=g","url":"https:\/\/secure.gravatar.com\/avatar\/7726f7b8e3ba8979c4cf2ad896cb2e8cc05af8ceb17ce4fb40617b72e0be53b4?s=96&d=mm&r=g","height":96,"width":96}},"publisher":{"@type":"Organization","name":"bellafit.cz","logo":{"@type":"ImageObject","@id":"\/logo.png","url":"\/logo.png","width":600,"height":60}},"image":{"@type":"ImageObject","@id":"https:\/\/www.bellafit.cz\/wp-content\/uploads\/wire-1098059_640_9.jpg","url":"https:\/\/www.bellafit.cz\/wp-content\/uploads\/wire-1098059_640_9.jpg","height":0,"width":0},"wordCount":665,"keywords":null},{"@type":"Article","@id":"https:\/\/www.bellafit.cz\/co-se-muze-prihodit-pokud-budete-montovat-nabytek-svepomoci\/","headline":"Co se m\u016f\u017ee p\u0159ihodit, pokud budete montovat n\u00e1bytek sv\u00e9pomoc\u00ed","url":"https:\/\/www.bellafit.cz\/co-se-muze-prihodit-pokud-budete-montovat-nabytek-svepomoci\/","datePublished":"2024-02-12","dateModified":"2024-02-12","mainEntityOfPage":"https:\/\/www.bellafit.cz\/co-se-muze-prihodit-pokud-budete-montovat-nabytek-svepomoci\/","author":{"@type":"Person","@id":"https:\/\/www.bellafit.cz\/author\/devene\/#Person","name":"devene","url":"https:\/\/www.bellafit.cz\/author\/devene\/","identifier":1,"image":{"@type":"ImageObject","@id":"https:\/\/secure.gravatar.com\/avatar\/7726f7b8e3ba8979c4cf2ad896cb2e8cc05af8ceb17ce4fb40617b72e0be53b4?s=96&d=mm&r=g","url":"https:\/\/secure.gravatar.com\/avatar\/7726f7b8e3ba8979c4cf2ad896cb2e8cc05af8ceb17ce4fb40617b72e0be53b4?s=96&d=mm&r=g","height":96,"width":96}},"publisher":{"@type":"Organization","name":"bellafit.cz","logo":{"@type":"ImageObject","@id":"\/logo.png","url":"\/logo.png","width":600,"height":60}},"image":{"@type":"ImageObject","@id":"https:\/\/www.bellafit.cz\/wp-content\/uploads\/house-7469171_640.jpg","url":"https:\/\/www.bellafit.cz\/wp-content\/uploads\/house-7469171_640.jpg","height":0,"width":0},"wordCount":537,"keywords":null},{"@type":"Article","@id":"https:\/\/www.bellafit.cz\/skvele-a-profesionalni-vysavace-jsou-tu-pro-kazdeho\/","headline":"Skv\u011bl\u00e9 a profesion\u00e1ln\u00ed vysava\u010de jsou tu pro ka\u017ed\u00e9ho","url":"https:\/\/www.bellafit.cz\/skvele-a-profesionalni-vysavace-jsou-tu-pro-kazdeho\/","datePublished":"2024-01-25","dateModified":"2024-01-25","mainEntityOfPage":"https:\/\/www.bellafit.cz\/skvele-a-profesionalni-vysavace-jsou-tu-pro-kazdeho\/","author":{"@type":"Person","@id":"https:\/\/www.bellafit.cz\/author\/devene\/#Person","name":"devene","url":"https:\/\/www.bellafit.cz\/author\/devene\/","identifier":1,"image":{"@type":"ImageObject","@id":"https:\/\/secure.gravatar.com\/avatar\/7726f7b8e3ba8979c4cf2ad896cb2e8cc05af8ceb17ce4fb40617b72e0be53b4?s=96&d=mm&r=g","url":"https:\/\/secure.gravatar.com\/avatar\/7726f7b8e3ba8979c4cf2ad896cb2e8cc05af8ceb17ce4fb40617b72e0be53b4?s=96&d=mm&r=g","height":96,"width":96}},"publisher":{"@type":"Organization","name":"bellafit.cz","logo":{"@type":"ImageObject","@id":"\/logo.png","url":"\/logo.png","width":600,"height":60}},"image":null,"wordCount":246,"keywords":null},{"@type":"Article","@id":"https:\/\/www.bellafit.cz\/dodavku-si-muzete-i-pronajmout\/","headline":"Dod\u00e1vku si m\u016f\u017eete i pronajmout","url":"https:\/\/www.bellafit.cz\/dodavku-si-muzete-i-pronajmout\/","datePublished":"2024-01-12","dateModified":"2024-02-12","mainEntityOfPage":"https:\/\/www.bellafit.cz\/dodavku-si-muzete-i-pronajmout\/","author":{"@type":"Person","@id":"https:\/\/www.bellafit.cz\/author\/devene\/#Person","name":"devene","url":"https:\/\/www.bellafit.cz\/author\/devene\/","identifier":1,"image":{"@type":"ImageObject","@id":"https:\/\/secure.gravatar.com\/avatar\/7726f7b8e3ba8979c4cf2ad896cb2e8cc05af8ceb17ce4fb40617b72e0be53b4?s=96&d=mm&r=g","url":"https:\/\/secure.gravatar.com\/avatar\/7726f7b8e3ba8979c4cf2ad896cb2e8cc05af8ceb17ce4fb40617b72e0be53b4?s=96&d=mm&r=g","height":96,"width":96}},"publisher":{"@type":"Organization","name":"bellafit.cz","logo":{"@type":"ImageObject","@id":"\/logo.png","url":"\/logo.png","width":600,"height":60}},"image":{"@type":"ImageObject","@id":"https:\/\/www.bellafit.cz\/wp-content\/uploads\/minivan-41476_640_5.png","url":"https:\/\/www.bellafit.cz\/wp-content\/uploads\/minivan-41476_640_5.png","height":0,"width":0},"wordCount":503,"keywords":null},{"@type":"Article","@id":"https:\/\/www.bellafit.cz\/dopravujte-ovoce-na-farmarske-trhy-bezpecne\/","headline":"Dopravujte ovoce na farm\u00e1\u0159sk\u00e9 trhy bezpe\u010dn\u011b","url":"https:\/\/www.bellafit.cz\/dopravujte-ovoce-na-farmarske-trhy-bezpecne\/","datePublished":"2024-01-09","dateModified":"2024-02-09","mainEntityOfPage":"https:\/\/www.bellafit.cz\/dopravujte-ovoce-na-farmarske-trhy-bezpecne\/","author":{"@type":"Person","@id":"https:\/\/www.bellafit.cz\/author\/devene\/#Person","name":"devene","url":"https:\/\/www.bellafit.cz\/author\/devene\/","identifier":1,"image":{"@type":"ImageObject","@id":"https:\/\/secure.gravatar.com\/avatar\/7726f7b8e3ba8979c4cf2ad896cb2e8cc05af8ceb17ce4fb40617b72e0be53b4?s=96&d=mm&r=g","url":"https:\/\/secure.gravatar.com\/avatar\/7726f7b8e3ba8979c4cf2ad896cb2e8cc05af8ceb17ce4fb40617b72e0be53b4?s=96&d=mm&r=g","height":96,"width":96}},"publisher":{"@type":"Organization","name":"bellafit.cz","logo":{"@type":"ImageObject","@id":"\/logo.png","url":"\/logo.png","width":600,"height":60}},"image":{"@type":"ImageObject","@id":"https:\/\/www.bellafit.cz\/wp-content\/uploads\/fruit-3529616_640.jpg","url":"https:\/\/www.bellafit.cz\/wp-content\/uploads\/fruit-3529616_640.jpg","height":0,"width":0},"wordCount":498,"keywords":null}]},{"@context":"https:\/\/schema.org","@type":"WebSite","@id":"https:\/\/www.bellafit.cz\/#website","name":"Bellafit","url":"https:\/\/www.bellafit.cz","potentialAction":{"@type":"SearchAction","target":"https:\/\/www.bellafit.cz\/?s={search_term_string}","query-input":"required name=search_term_string"}}]