[{"@context":"https:\/\/schema.org\/","@type":"Blog","@id":"https:\/\/www.bellafit.cz#Blog","headline":"Bellafit","description":"\nNa ka\u017ed\u00e9m webu se d\u00e1 n\u011bco naj\u00edt. N\u011bkdy je nab\u00eddka dobr\u00e1, n\u011bkdy je\u0161t\u011b lep\u0161\u00ed. A ta na na\u0161em webu, jak jsme o tom p\u0159esv\u011bd\u010deni, je jednozna\u010dn\u011b nejlep\u0161\u00ed.","url":"https:\/\/www.bellafit.cz","hasPart":[{"@type":"Article","@id":"https:\/\/www.bellafit.cz\/zabava-v-pisku\/","headline":"Z\u00e1bava v p\u00edsku","url":"https:\/\/www.bellafit.cz\/zabava-v-pisku\/","datePublished":"2023-06-26","dateModified":"2023-07-26","mainEntityOfPage":"https:\/\/www.bellafit.cz\/zabava-v-pisku\/","author":{"@type":"Person","@id":"https:\/\/www.bellafit.cz\/author\/devene\/#Person","name":"devene","url":"https:\/\/www.bellafit.cz\/author\/devene\/","identifier":1,"image":{"@type":"ImageObject","@id":"https:\/\/secure.gravatar.com\/avatar\/7726f7b8e3ba8979c4cf2ad896cb2e8cc05af8ceb17ce4fb40617b72e0be53b4?s=96&d=mm&r=g","url":"https:\/\/secure.gravatar.com\/avatar\/7726f7b8e3ba8979c4cf2ad896cb2e8cc05af8ceb17ce4fb40617b72e0be53b4?s=96&d=mm&r=g","height":96,"width":96}},"publisher":{"@type":"Organization","name":"bellafit.cz","logo":{"@type":"ImageObject","@id":"\/logo.png","url":"\/logo.png","width":600,"height":60}},"image":{"@type":"ImageObject","@id":"https:\/\/www.bellafit.cz\/wp-content\/uploads\/sandbox-1475860_1280.jpg","url":"https:\/\/www.bellafit.cz\/wp-content\/uploads\/sandbox-1475860_1280.jpg","height":0,"width":0},"wordCount":587,"keywords":null},{"@type":"Article","@id":"https:\/\/www.bellafit.cz\/co-treba-krem-na-erekci-misto-leku\/","headline":"Co t\u0159eba kr\u00e9m na erekci m\u00edsto l\u00e9k\u016f?","url":"https:\/\/www.bellafit.cz\/co-treba-krem-na-erekci-misto-leku\/","datePublished":"2023-06-21","dateModified":"2023-06-21","mainEntityOfPage":"https:\/\/www.bellafit.cz\/co-treba-krem-na-erekci-misto-leku\/","author":{"@type":"Person","@id":"https:\/\/www.bellafit.cz\/author\/devene\/#Person","name":"devene","url":"https:\/\/www.bellafit.cz\/author\/devene\/","identifier":1,"image":{"@type":"ImageObject","@id":"https:\/\/secure.gravatar.com\/avatar\/7726f7b8e3ba8979c4cf2ad896cb2e8cc05af8ceb17ce4fb40617b72e0be53b4?s=96&d=mm&r=g","url":"https:\/\/secure.gravatar.com\/avatar\/7726f7b8e3ba8979c4cf2ad896cb2e8cc05af8ceb17ce4fb40617b72e0be53b4?s=96&d=mm&r=g","height":96,"width":96}},"publisher":{"@type":"Organization","name":"bellafit.cz","logo":{"@type":"ImageObject","@id":"\/logo.png","url":"\/logo.png","width":600,"height":60}},"image":{"@type":"ImageObject","@id":"https:\/\/www.bellafit.cz\/wp-content\/uploads\/cream-621340_1280.jpg","url":"https:\/\/www.bellafit.cz\/wp-content\/uploads\/cream-621340_1280.jpg","height":0,"width":0},"wordCount":572,"keywords":null},{"@type":"Article","@id":"https:\/\/www.bellafit.cz\/elektro-revize-neni-zbytecna-ani-u-novostaveb\/","headline":"Elektro revize nen\u00ed zbyte\u010dn\u00e1 ani u novostaveb","url":"https:\/\/www.bellafit.cz\/elektro-revize-neni-zbytecna-ani-u-novostaveb\/","datePublished":"2023-06-20","dateModified":"2023-07-20","mainEntityOfPage":"https:\/\/www.bellafit.cz\/elektro-revize-neni-zbytecna-ani-u-novostaveb\/","author":{"@type":"Person","@id":"https:\/\/www.bellafit.cz\/author\/devene\/#Person","name":"devene","url":"https:\/\/www.bellafit.cz\/author\/devene\/","identifier":1,"image":{"@type":"ImageObject","@id":"https:\/\/secure.gravatar.com\/avatar\/7726f7b8e3ba8979c4cf2ad896cb2e8cc05af8ceb17ce4fb40617b72e0be53b4?s=96&d=mm&r=g","url":"https:\/\/secure.gravatar.com\/avatar\/7726f7b8e3ba8979c4cf2ad896cb2e8cc05af8ceb17ce4fb40617b72e0be53b4?s=96&d=mm&r=g","height":96,"width":96}},"publisher":{"@type":"Organization","name":"bellafit.cz","logo":{"@type":"ImageObject","@id":"\/logo.png","url":"\/logo.png","width":600,"height":60}},"image":{"@type":"ImageObject","@id":"https:\/\/www.bellafit.cz\/wp-content\/uploads\/light-1773753_640.jpg","url":"https:\/\/www.bellafit.cz\/wp-content\/uploads\/light-1773753_640.jpg","height":0,"width":0},"wordCount":669,"keywords":null},{"@type":"Article","@id":"https:\/\/www.bellafit.cz\/ochrana-behem-menstruace\/","headline":"Ochrana b\u011bhem menstruace","url":"https:\/\/www.bellafit.cz\/ochrana-behem-menstruace\/","datePublished":"2023-06-19","dateModified":"2023-07-24","mainEntityOfPage":"https:\/\/www.bellafit.cz\/ochrana-behem-menstruace\/","author":{"@type":"Person","@id":"https:\/\/www.bellafit.cz\/author\/devene\/#Person","name":"devene","url":"https:\/\/www.bellafit.cz\/author\/devene\/","identifier":1,"image":{"@type":"ImageObject","@id":"https:\/\/secure.gravatar.com\/avatar\/7726f7b8e3ba8979c4cf2ad896cb2e8cc05af8ceb17ce4fb40617b72e0be53b4?s=96&d=mm&r=g","url":"https:\/\/secure.gravatar.com\/avatar\/7726f7b8e3ba8979c4cf2ad896cb2e8cc05af8ceb17ce4fb40617b72e0be53b4?s=96&d=mm&r=g","height":96,"width":96}},"publisher":{"@type":"Organization","name":"bellafit.cz","logo":{"@type":"ImageObject","@id":"\/logo.png","url":"\/logo.png","width":600,"height":60}},"image":{"@type":"ImageObject","@id":"https:\/\/www.bellafit.cz\/wp-content\/uploads\/pexels-alena-shekhovtcova-7036540_1.jpg","url":"https:\/\/www.bellafit.cz\/wp-content\/uploads\/pexels-alena-shekhovtcova-7036540_1.jpg","height":0,"width":0},"wordCount":561,"keywords":null},{"@type":"Article","@id":"https:\/\/www.bellafit.cz\/vzdelejte-se-v-takove-oblasti-ve-ktere-to-skutecne-potrebujete\/","headline":"Vzd\u011blejte se v takov\u00e9 oblasti, ve kter\u00e9 to skute\u010dn\u011b pot\u0159ebujete","url":"https:\/\/www.bellafit.cz\/vzdelejte-se-v-takove-oblasti-ve-ktere-to-skutecne-potrebujete\/","datePublished":"2023-06-19","dateModified":"2024-06-24","mainEntityOfPage":"https:\/\/www.bellafit.cz\/vzdelejte-se-v-takove-oblasti-ve-ktere-to-skutecne-potrebujete\/","author":{"@type":"Person","@id":"https:\/\/www.bellafit.cz\/author\/devene\/#Person","name":"devene","url":"https:\/\/www.bellafit.cz\/author\/devene\/","identifier":1,"image":{"@type":"ImageObject","@id":"https:\/\/secure.gravatar.com\/avatar\/7726f7b8e3ba8979c4cf2ad896cb2e8cc05af8ceb17ce4fb40617b72e0be53b4?s=96&d=mm&r=g","url":"https:\/\/secure.gravatar.com\/avatar\/7726f7b8e3ba8979c4cf2ad896cb2e8cc05af8ceb17ce4fb40617b72e0be53b4?s=96&d=mm&r=g","height":96,"width":96}},"publisher":{"@type":"Organization","name":"bellafit.cz","logo":{"@type":"ImageObject","@id":"\/logo.png","url":"\/logo.png","width":600,"height":60}},"image":null,"wordCount":271,"keywords":null},{"@type":"Article","@id":"https:\/\/www.bellafit.cz\/diky-katastru-nemovitosti-zjistite-mnoho-informaci\/","headline":"D\u00edky katastru nemovitost\u00ed zjist\u00edte mnoho informac\u00ed","url":"https:\/\/www.bellafit.cz\/diky-katastru-nemovitosti-zjistite-mnoho-informaci\/","datePublished":"2023-05-29","dateModified":"2023-06-29","mainEntityOfPage":"https:\/\/www.bellafit.cz\/diky-katastru-nemovitosti-zjistite-mnoho-informaci\/","author":{"@type":"Person","@id":"https:\/\/www.bellafit.cz\/author\/devene\/#Person","name":"devene","url":"https:\/\/www.bellafit.cz\/author\/devene\/","identifier":1,"image":{"@type":"ImageObject","@id":"https:\/\/secure.gravatar.com\/avatar\/7726f7b8e3ba8979c4cf2ad896cb2e8cc05af8ceb17ce4fb40617b72e0be53b4?s=96&d=mm&r=g","url":"https:\/\/secure.gravatar.com\/avatar\/7726f7b8e3ba8979c4cf2ad896cb2e8cc05af8ceb17ce4fb40617b72e0be53b4?s=96&d=mm&r=g","height":96,"width":96}},"publisher":{"@type":"Organization","name":"bellafit.cz","logo":{"@type":"ImageObject","@id":"\/logo.png","url":"\/logo.png","width":600,"height":60}},"image":{"@type":"ImageObject","@id":"https:\/\/www.bellafit.cz\/wp-content\/uploads\/po_5.JPG","url":"https:\/\/www.bellafit.cz\/wp-content\/uploads\/po_5.JPG","height":0,"width":0},"wordCount":543,"keywords":null},{"@type":"Article","@id":"https:\/\/www.bellafit.cz\/nove-stroje-do-prace\/","headline":"nov\u00e9 stroje do pr\u00e1ce","url":"https:\/\/www.bellafit.cz\/nove-stroje-do-prace\/","datePublished":"2023-05-28","dateModified":"2023-06-28","mainEntityOfPage":"https:\/\/www.bellafit.cz\/nove-stroje-do-prace\/","author":{"@type":"Person","@id":"https:\/\/www.bellafit.cz\/author\/devene\/#Person","name":"devene","url":"https:\/\/www.bellafit.cz\/author\/devene\/","identifier":1,"image":{"@type":"ImageObject","@id":"https:\/\/secure.gravatar.com\/avatar\/7726f7b8e3ba8979c4cf2ad896cb2e8cc05af8ceb17ce4fb40617b72e0be53b4?s=96&d=mm&r=g","url":"https:\/\/secure.gravatar.com\/avatar\/7726f7b8e3ba8979c4cf2ad896cb2e8cc05af8ceb17ce4fb40617b72e0be53b4?s=96&d=mm&r=g","height":96,"width":96}},"publisher":{"@type":"Organization","name":"bellafit.cz","logo":{"@type":"ImageObject","@id":"\/logo.png","url":"\/logo.png","width":600,"height":60}},"image":{"@type":"ImageObject","@id":"https:\/\/www.bellafit.cz\/wp-content\/uploads\/internet-315132_1280.jpg","url":"https:\/\/www.bellafit.cz\/wp-content\/uploads\/internet-315132_1280.jpg","height":0,"width":0},"wordCount":577,"keywords":null},{"@type":"Article","@id":"https:\/\/www.bellafit.cz\/designovy-a-funkcni-prvek\/","headline":"Designov\u00fd a funk\u010dn\u00ed prvek","url":"https:\/\/www.bellafit.cz\/designovy-a-funkcni-prvek\/","datePublished":"2023-05-28","dateModified":"2023-06-29","mainEntityOfPage":"https:\/\/www.bellafit.cz\/designovy-a-funkcni-prvek\/","author":{"@type":"Person","@id":"https:\/\/www.bellafit.cz\/author\/devene\/#Person","name":"devene","url":"https:\/\/www.bellafit.cz\/author\/devene\/","identifier":1,"image":{"@type":"ImageObject","@id":"https:\/\/secure.gravatar.com\/avatar\/7726f7b8e3ba8979c4cf2ad896cb2e8cc05af8ceb17ce4fb40617b72e0be53b4?s=96&d=mm&r=g","url":"https:\/\/secure.gravatar.com\/avatar\/7726f7b8e3ba8979c4cf2ad896cb2e8cc05af8ceb17ce4fb40617b72e0be53b4?s=96&d=mm&r=g","height":96,"width":96}},"publisher":{"@type":"Organization","name":"bellafit.cz","logo":{"@type":"ImageObject","@id":"\/logo.png","url":"\/logo.png","width":600,"height":60}},"image":{"@type":"ImageObject","@id":"https:\/\/www.bellafit.cz\/wp-content\/uploads\/laro-photography-q0daHGc4hyo-unsplash.jpg","url":"https:\/\/www.bellafit.cz\/wp-content\/uploads\/laro-photography-q0daHGc4hyo-unsplash.jpg","height":0,"width":0},"wordCount":559,"keywords":null},{"@type":"Article","@id":"https:\/\/www.bellafit.cz\/zakladni-skola\/","headline":"Z\u00e1kladn\u00ed \u0161kola","url":"https:\/\/www.bellafit.cz\/zakladni-skola\/","datePublished":"2023-05-26","dateModified":"2024-02-26","mainEntityOfPage":"https:\/\/www.bellafit.cz\/zakladni-skola\/","author":{"@type":"Person","@id":"https:\/\/www.bellafit.cz\/author\/devene\/#Person","name":"devene","url":"https:\/\/www.bellafit.cz\/author\/devene\/","identifier":1,"image":{"@type":"ImageObject","@id":"https:\/\/secure.gravatar.com\/avatar\/7726f7b8e3ba8979c4cf2ad896cb2e8cc05af8ceb17ce4fb40617b72e0be53b4?s=96&d=mm&r=g","url":"https:\/\/secure.gravatar.com\/avatar\/7726f7b8e3ba8979c4cf2ad896cb2e8cc05af8ceb17ce4fb40617b72e0be53b4?s=96&d=mm&r=g","height":96,"width":96}},"publisher":{"@type":"Organization","name":"bellafit.cz","logo":{"@type":"ImageObject","@id":"\/logo.png","url":"\/logo.png","width":600,"height":60}},"image":{"@type":"ImageObject","@id":"https:\/\/www.bellafit.cz\/wp-content\/uploads\/brotherhood-2173097_1280.jpg","url":"https:\/\/www.bellafit.cz\/wp-content\/uploads\/brotherhood-2173097_1280.jpg","height":0,"width":0},"wordCount":930,"keywords":null},{"@type":"Article","@id":"https:\/\/www.bellafit.cz\/je-tady-leto\/","headline":"Je tady l\u00e9to","url":"https:\/\/www.bellafit.cz\/je-tady-leto\/","datePublished":"2023-05-19","dateModified":"2023-06-19","mainEntityOfPage":"https:\/\/www.bellafit.cz\/je-tady-leto\/","author":{"@type":"Person","@id":"https:\/\/www.bellafit.cz\/author\/devene\/#Person","name":"devene","url":"https:\/\/www.bellafit.cz\/author\/devene\/","identifier":1,"image":{"@type":"ImageObject","@id":"https:\/\/secure.gravatar.com\/avatar\/7726f7b8e3ba8979c4cf2ad896cb2e8cc05af8ceb17ce4fb40617b72e0be53b4?s=96&d=mm&r=g","url":"https:\/\/secure.gravatar.com\/avatar\/7726f7b8e3ba8979c4cf2ad896cb2e8cc05af8ceb17ce4fb40617b72e0be53b4?s=96&d=mm&r=g","height":96,"width":96}},"publisher":{"@type":"Organization","name":"bellafit.cz","logo":{"@type":"ImageObject","@id":"\/logo.png","url":"\/logo.png","width":600,"height":60}},"image":{"@type":"ImageObject","@id":"https:\/\/www.bellafit.cz\/wp-content\/uploads\/woman-gd0720b38c_640_8.jpg","url":"https:\/\/www.bellafit.cz\/wp-content\/uploads\/woman-gd0720b38c_640_8.jpg","height":0,"width":0},"wordCount":544,"keywords":null}]},{"@context":"https:\/\/schema.org","@type":"WebSite","@id":"https:\/\/www.bellafit.cz\/#website","name":"Bellafit","url":"https:\/\/www.bellafit.cz","potentialAction":{"@type":"SearchAction","target":"https:\/\/www.bellafit.cz\/?s={search_term_string}","query-input":"required name=search_term_string"}}]