[{"@context":"https:\/\/schema.org\/","@type":"Blog","@id":"https:\/\/www.bellafit.cz#Blog","headline":"Bellafit","description":"\nNa ka\u017ed\u00e9m webu se d\u00e1 n\u011bco naj\u00edt. N\u011bkdy je nab\u00eddka dobr\u00e1, n\u011bkdy je\u0161t\u011b lep\u0161\u00ed. A ta na na\u0161em webu, jak jsme o tom p\u0159esv\u011bd\u010deni, je jednozna\u010dn\u011b nejlep\u0161\u00ed.","url":"https:\/\/www.bellafit.cz","hasPart":[{"@type":"Article","@id":"https:\/\/www.bellafit.cz\/na-kamna-to-nejlepsi\/","headline":"Na kamna to nejlep\u0161\u00ed","url":"https:\/\/www.bellafit.cz\/na-kamna-to-nejlepsi\/","datePublished":"2023-11-11","dateModified":"2023-11-11","mainEntityOfPage":"https:\/\/www.bellafit.cz\/na-kamna-to-nejlepsi\/","author":{"@type":"Person","@id":"https:\/\/www.bellafit.cz\/author\/devene\/#Person","name":"devene","url":"https:\/\/www.bellafit.cz\/author\/devene\/","identifier":1,"image":{"@type":"ImageObject","@id":"https:\/\/secure.gravatar.com\/avatar\/7726f7b8e3ba8979c4cf2ad896cb2e8cc05af8ceb17ce4fb40617b72e0be53b4?s=96&d=mm&r=g","url":"https:\/\/secure.gravatar.com\/avatar\/7726f7b8e3ba8979c4cf2ad896cb2e8cc05af8ceb17ce4fb40617b72e0be53b4?s=96&d=mm&r=g","height":96,"width":96}},"publisher":{"@type":"Organization","name":"bellafit.cz","logo":{"@type":"ImageObject","@id":"\/logo.png","url":"\/logo.png","width":600,"height":60}},"image":null,"wordCount":296,"keywords":null},{"@type":"Article","@id":"https:\/\/www.bellafit.cz\/prijemna-dovolena\/","headline":"P\u0159\u00edjemn\u00e1 dovolen\u00e1","url":"https:\/\/www.bellafit.cz\/prijemna-dovolena\/","datePublished":"2023-10-30","dateModified":"2023-10-30","mainEntityOfPage":"https:\/\/www.bellafit.cz\/prijemna-dovolena\/","author":{"@type":"Person","@id":"https:\/\/www.bellafit.cz\/author\/devene\/#Person","name":"devene","url":"https:\/\/www.bellafit.cz\/author\/devene\/","identifier":1,"image":{"@type":"ImageObject","@id":"https:\/\/secure.gravatar.com\/avatar\/7726f7b8e3ba8979c4cf2ad896cb2e8cc05af8ceb17ce4fb40617b72e0be53b4?s=96&d=mm&r=g","url":"https:\/\/secure.gravatar.com\/avatar\/7726f7b8e3ba8979c4cf2ad896cb2e8cc05af8ceb17ce4fb40617b72e0be53b4?s=96&d=mm&r=g","height":96,"width":96}},"publisher":{"@type":"Organization","name":"bellafit.cz","logo":{"@type":"ImageObject","@id":"\/logo.png","url":"\/logo.png","width":600,"height":60}},"image":{"@type":"ImageObject","@id":"https:\/\/www.bellafit.cz\/wp-content\/uploads\/beach-1868047_1280_1.jpg","url":"https:\/\/www.bellafit.cz\/wp-content\/uploads\/beach-1868047_1280_1.jpg","height":0,"width":0},"wordCount":530,"keywords":null},{"@type":"Article","@id":"https:\/\/www.bellafit.cz\/vyzdobte-si-domov-podzimem\/","headline":"Vyzdobte si domov podzimem","url":"https:\/\/www.bellafit.cz\/vyzdobte-si-domov-podzimem\/","datePublished":"2023-10-26","dateModified":"2023-10-26","mainEntityOfPage":"https:\/\/www.bellafit.cz\/vyzdobte-si-domov-podzimem\/","author":{"@type":"Person","@id":"https:\/\/www.bellafit.cz\/author\/devene\/#Person","name":"devene","url":"https:\/\/www.bellafit.cz\/author\/devene\/","identifier":1,"image":{"@type":"ImageObject","@id":"https:\/\/secure.gravatar.com\/avatar\/7726f7b8e3ba8979c4cf2ad896cb2e8cc05af8ceb17ce4fb40617b72e0be53b4?s=96&d=mm&r=g","url":"https:\/\/secure.gravatar.com\/avatar\/7726f7b8e3ba8979c4cf2ad896cb2e8cc05af8ceb17ce4fb40617b72e0be53b4?s=96&d=mm&r=g","height":96,"width":96}},"publisher":{"@type":"Organization","name":"bellafit.cz","logo":{"@type":"ImageObject","@id":"\/logo.png","url":"\/logo.png","width":600,"height":60}},"image":{"@type":"ImageObject","@id":"https:\/\/www.bellafit.cz\/wp-content\/uploads\/pexels-karolina-grabowska-5706560(1)_1.jpg","url":"https:\/\/www.bellafit.cz\/wp-content\/uploads\/pexels-karolina-grabowska-5706560(1)_1.jpg","height":0,"width":0},"wordCount":500,"keywords":null},{"@type":"Article","@id":"https:\/\/www.bellafit.cz\/kdy-je-vhodne-mit-profesionalni-vedeni-ucetnictvi\/","headline":"Kdy je vhodn\u00e9 m\u00edt profesion\u00e1ln\u00ed veden\u00ed \u00fa\u010detnictv\u00ed","url":"https:\/\/www.bellafit.cz\/kdy-je-vhodne-mit-profesionalni-vedeni-ucetnictvi\/","datePublished":"2023-10-10","dateModified":"2024-02-13","mainEntityOfPage":"https:\/\/www.bellafit.cz\/kdy-je-vhodne-mit-profesionalni-vedeni-ucetnictvi\/","author":{"@type":"Person","@id":"https:\/\/www.bellafit.cz\/author\/devene\/#Person","name":"devene","url":"https:\/\/www.bellafit.cz\/author\/devene\/","identifier":1,"image":{"@type":"ImageObject","@id":"https:\/\/secure.gravatar.com\/avatar\/7726f7b8e3ba8979c4cf2ad896cb2e8cc05af8ceb17ce4fb40617b72e0be53b4?s=96&d=mm&r=g","url":"https:\/\/secure.gravatar.com\/avatar\/7726f7b8e3ba8979c4cf2ad896cb2e8cc05af8ceb17ce4fb40617b72e0be53b4?s=96&d=mm&r=g","height":96,"width":96}},"publisher":{"@type":"Organization","name":"bellafit.cz","logo":{"@type":"ImageObject","@id":"\/logo.png","url":"\/logo.png","width":600,"height":60}},"image":{"@type":"ImageObject","@id":"https:\/\/www.bellafit.cz\/wp-content\/uploads\/ucetnictvi3_1.jpg","url":"https:\/\/www.bellafit.cz\/wp-content\/uploads\/ucetnictvi3_1.jpg","height":0,"width":0},"wordCount":551,"keywords":null},{"@type":"Article","@id":"https:\/\/www.bellafit.cz\/obal-na-mobil-neni-jen-na-okrasu\/","headline":"Obal na mobil nen\u00ed jen na okrasu.","url":"https:\/\/www.bellafit.cz\/obal-na-mobil-neni-jen-na-okrasu\/","datePublished":"2023-10-10","dateModified":"2023-10-10","mainEntityOfPage":"https:\/\/www.bellafit.cz\/obal-na-mobil-neni-jen-na-okrasu\/","author":{"@type":"Person","@id":"https:\/\/www.bellafit.cz\/author\/devene\/#Person","name":"devene","url":"https:\/\/www.bellafit.cz\/author\/devene\/","identifier":1,"image":{"@type":"ImageObject","@id":"https:\/\/secure.gravatar.com\/avatar\/7726f7b8e3ba8979c4cf2ad896cb2e8cc05af8ceb17ce4fb40617b72e0be53b4?s=96&d=mm&r=g","url":"https:\/\/secure.gravatar.com\/avatar\/7726f7b8e3ba8979c4cf2ad896cb2e8cc05af8ceb17ce4fb40617b72e0be53b4?s=96&d=mm&r=g","height":96,"width":96}},"publisher":{"@type":"Organization","name":"bellafit.cz","logo":{"@type":"ImageObject","@id":"\/logo.png","url":"\/logo.png","width":600,"height":60}},"image":{"@type":"ImageObject","@id":"https:\/\/www.bellafit.cz\/wp-content\/uploads\/lars-kaizer-WGiKqDlVUCI-unsplash.jpg","url":"https:\/\/www.bellafit.cz\/wp-content\/uploads\/lars-kaizer-WGiKqDlVUCI-unsplash.jpg","height":0,"width":0},"wordCount":536,"keywords":null},{"@type":"Article","@id":"https:\/\/www.bellafit.cz\/s-nami-se-budete-citit-jako-v-raji\/","headline":"S n\u00e1mi se budete c\u00edtit jako v r\u00e1ji","url":"https:\/\/www.bellafit.cz\/s-nami-se-budete-citit-jako-v-raji\/","datePublished":"2023-10-05","dateModified":"2023-10-05","mainEntityOfPage":"https:\/\/www.bellafit.cz\/s-nami-se-budete-citit-jako-v-raji\/","author":{"@type":"Person","@id":"https:\/\/www.bellafit.cz\/author\/devene\/#Person","name":"devene","url":"https:\/\/www.bellafit.cz\/author\/devene\/","identifier":1,"image":{"@type":"ImageObject","@id":"https:\/\/secure.gravatar.com\/avatar\/7726f7b8e3ba8979c4cf2ad896cb2e8cc05af8ceb17ce4fb40617b72e0be53b4?s=96&d=mm&r=g","url":"https:\/\/secure.gravatar.com\/avatar\/7726f7b8e3ba8979c4cf2ad896cb2e8cc05af8ceb17ce4fb40617b72e0be53b4?s=96&d=mm&r=g","height":96,"width":96}},"publisher":{"@type":"Organization","name":"bellafit.cz","logo":{"@type":"ImageObject","@id":"\/logo.png","url":"\/logo.png","width":600,"height":60}},"image":null,"wordCount":271,"keywords":null},{"@type":"Article","@id":"https:\/\/www.bellafit.cz\/pocitacova-hra\/","headline":"Po\u010d\u00edta\u010dov\u00e1 hra","url":"https:\/\/www.bellafit.cz\/pocitacova-hra\/","datePublished":"2023-09-25","dateModified":"2023-10-26","mainEntityOfPage":"https:\/\/www.bellafit.cz\/pocitacova-hra\/","author":{"@type":"Person","@id":"https:\/\/www.bellafit.cz\/author\/devene\/#Person","name":"devene","url":"https:\/\/www.bellafit.cz\/author\/devene\/","identifier":1,"image":{"@type":"ImageObject","@id":"https:\/\/secure.gravatar.com\/avatar\/7726f7b8e3ba8979c4cf2ad896cb2e8cc05af8ceb17ce4fb40617b72e0be53b4?s=96&d=mm&r=g","url":"https:\/\/secure.gravatar.com\/avatar\/7726f7b8e3ba8979c4cf2ad896cb2e8cc05af8ceb17ce4fb40617b72e0be53b4?s=96&d=mm&r=g","height":96,"width":96}},"publisher":{"@type":"Organization","name":"bellafit.cz","logo":{"@type":"ImageObject","@id":"\/logo.png","url":"\/logo.png","width":600,"height":60}},"image":{"@type":"ImageObject","@id":"https:\/\/www.bellafit.cz\/wp-content\/uploads\/minecraft-1017472_1280.jpg","url":"https:\/\/www.bellafit.cz\/wp-content\/uploads\/minecraft-1017472_1280.jpg","height":0,"width":0},"wordCount":513,"keywords":null},{"@type":"Article","@id":"https:\/\/www.bellafit.cz\/elektricke-spotrebice-a-lide\/","headline":"Elektrick\u00e9 spot\u0159ebi\u010de a lid\u00e9","url":"https:\/\/www.bellafit.cz\/elektricke-spotrebice-a-lide\/","datePublished":"2023-09-23","dateModified":"2024-02-23","mainEntityOfPage":"https:\/\/www.bellafit.cz\/elektricke-spotrebice-a-lide\/","author":{"@type":"Person","@id":"https:\/\/www.bellafit.cz\/author\/devene\/#Person","name":"devene","url":"https:\/\/www.bellafit.cz\/author\/devene\/","identifier":1,"image":{"@type":"ImageObject","@id":"https:\/\/secure.gravatar.com\/avatar\/7726f7b8e3ba8979c4cf2ad896cb2e8cc05af8ceb17ce4fb40617b72e0be53b4?s=96&d=mm&r=g","url":"https:\/\/secure.gravatar.com\/avatar\/7726f7b8e3ba8979c4cf2ad896cb2e8cc05af8ceb17ce4fb40617b72e0be53b4?s=96&d=mm&r=g","height":96,"width":96}},"publisher":{"@type":"Organization","name":"bellafit.cz","logo":{"@type":"ImageObject","@id":"\/logo.png","url":"\/logo.png","width":600,"height":60}},"image":{"@type":"ImageObject","@id":"https:\/\/www.bellafit.cz\/wp-content\/uploads\/pizza-6478478_1280.jpg","url":"https:\/\/www.bellafit.cz\/wp-content\/uploads\/pizza-6478478_1280.jpg","height":0,"width":0},"wordCount":905,"keywords":null},{"@type":"Article","@id":"https:\/\/www.bellafit.cz\/stehovani\/","headline":"St\u011bhov\u00e1n\u00ed","url":"https:\/\/www.bellafit.cz\/stehovani\/","datePublished":"2023-09-23","dateModified":"2023-11-15","mainEntityOfPage":"https:\/\/www.bellafit.cz\/stehovani\/","author":{"@type":"Person","@id":"https:\/\/www.bellafit.cz\/author\/devene\/#Person","name":"devene","url":"https:\/\/www.bellafit.cz\/author\/devene\/","identifier":1,"image":{"@type":"ImageObject","@id":"https:\/\/secure.gravatar.com\/avatar\/7726f7b8e3ba8979c4cf2ad896cb2e8cc05af8ceb17ce4fb40617b72e0be53b4?s=96&d=mm&r=g","url":"https:\/\/secure.gravatar.com\/avatar\/7726f7b8e3ba8979c4cf2ad896cb2e8cc05af8ceb17ce4fb40617b72e0be53b4?s=96&d=mm&r=g","height":96,"width":96}},"publisher":{"@type":"Organization","name":"bellafit.cz","logo":{"@type":"ImageObject","@id":"\/logo.png","url":"\/logo.png","width":600,"height":60}},"image":{"@type":"ImageObject","@id":"https:\/\/www.bellafit.cz\/wp-content\/uploads\/pexels-jovydas-pinkevicius-2462015_3.jpg","url":"https:\/\/www.bellafit.cz\/wp-content\/uploads\/pexels-jovydas-pinkevicius-2462015_3.jpg","height":0,"width":0},"wordCount":597,"keywords":null},{"@type":"Article","@id":"https:\/\/www.bellafit.cz\/solarni-sprchu-si-muzete-vzit-i-na-chalupu\/","headline":"Sol\u00e1rn\u00ed sprchu si m\u016f\u017eete vz\u00edt i na chalupu","url":"https:\/\/www.bellafit.cz\/solarni-sprchu-si-muzete-vzit-i-na-chalupu\/","datePublished":"2023-09-20","dateModified":"2023-09-20","mainEntityOfPage":"https:\/\/www.bellafit.cz\/solarni-sprchu-si-muzete-vzit-i-na-chalupu\/","author":{"@type":"Person","@id":"https:\/\/www.bellafit.cz\/author\/devene\/#Person","name":"devene","url":"https:\/\/www.bellafit.cz\/author\/devene\/","identifier":1,"image":{"@type":"ImageObject","@id":"https:\/\/secure.gravatar.com\/avatar\/7726f7b8e3ba8979c4cf2ad896cb2e8cc05af8ceb17ce4fb40617b72e0be53b4?s=96&d=mm&r=g","url":"https:\/\/secure.gravatar.com\/avatar\/7726f7b8e3ba8979c4cf2ad896cb2e8cc05af8ceb17ce4fb40617b72e0be53b4?s=96&d=mm&r=g","height":96,"width":96}},"publisher":{"@type":"Organization","name":"bellafit.cz","logo":{"@type":"ImageObject","@id":"\/logo.png","url":"\/logo.png","width":600,"height":60}},"image":{"@type":"ImageObject","@id":"https:\/\/www.bellafit.cz\/wp-content\/uploads\/water-4855410_640_2.jpg","url":"https:\/\/www.bellafit.cz\/wp-content\/uploads\/water-4855410_640_2.jpg","height":0,"width":0},"wordCount":718,"keywords":null}]},{"@context":"https:\/\/schema.org","@type":"WebSite","@id":"https:\/\/www.bellafit.cz\/#website","name":"Bellafit","url":"https:\/\/www.bellafit.cz","potentialAction":{"@type":"SearchAction","target":"https:\/\/www.bellafit.cz\/?s={search_term_string}","query-input":"required name=search_term_string"}}]