[{"@context":"https:\/\/schema.org\/","@type":"Article","@id":"https:\/\/www.bellafit.cz\/neni-dovolena-jako-dovolena\/#Article","mainEntityOfPage":"https:\/\/www.bellafit.cz\/neni-dovolena-jako-dovolena\/","headline":"Nen\u00ed dovolen\u00e1 jako dovolen\u00e1","name":"Nen\u00ed dovolen\u00e1 jako dovolen\u00e1","description":"Je m&Atilde;&frac12;m osudem m&Atilde;&shy;t &Auml;&Atilde;&iexcl;st dovolen&Atilde;&copy; i v&Acirc;&nbsp;zim&Auml;&#8250;. O V&Atilde;&iexcl;noc&Atilde;&shy;ch se p&Aring;&#8482;ece nikde nepracuje, jsou tedy pr&Atilde;&iexcl;zdniny, a.","datePublished":"2023-12-06","dateModified":"2023-12-07","author":{"@type":"Person","@id":"https:\/\/www.bellafit.cz\/author\/devene\/#Person","name":"devene","url":"https:\/\/www.bellafit.cz\/author\/devene\/","identifier":1,"image":{"@type":"ImageObject","@id":"https:\/\/secure.gravatar.com\/avatar\/7726f7b8e3ba8979c4cf2ad896cb2e8cc05af8ceb17ce4fb40617b72e0be53b4?s=96&d=mm&r=g","url":"https:\/\/secure.gravatar.com\/avatar\/7726f7b8e3ba8979c4cf2ad896cb2e8cc05af8ceb17ce4fb40617b72e0be53b4?s=96&d=mm&r=g","height":96,"width":96}},"publisher":{"@type":"Organization","name":"bellafit.cz","logo":{"@type":"ImageObject","@id":"\/logo.png","url":"\/logo.png","width":600,"height":60}},"image":{"@type":"ImageObject","@id":"https:\/\/www.bellafit.cz\/wp-content\/uploads\/ddd_8.jpg","url":"https:\/\/www.bellafit.cz\/wp-content\/uploads\/ddd_8.jpg","height":0,"width":0},"url":"https:\/\/www.bellafit.cz\/neni-dovolena-jako-dovolena\/","about":["Dovolen\u00e1"],"wordCount":887,"articleBody":"Je m&Atilde;&frac12;m osudem m&Atilde;&shy;t &Auml;&Atilde;&iexcl;st dovolen&Atilde;&copy; i v&Acirc;&nbsp;zim&Auml;&#8250;. O V&Atilde;&iexcl;noc&Atilde;&shy;ch se p&Aring;&#8482;ece nikde nepracuje, jsou tedy pr&Atilde;&iexcl;zdniny, a i j&Atilde;&iexcl; m&Atilde;&iexcl;m tud&Atilde;&shy;&Aring;&frac34; automaticky mo&Aring;&frac34;nost z&Aring;&macr;stat doma a u&Aring;&frac34;&Atilde;&shy;vat si v&Atilde;&iexcl;no&Auml;n&Atilde;&shy; sv&Atilde;&iexcl;tky. Ale zat&Atilde;&shy;mco si n&Auml;&#8250;kte&Aring;&#8482;&Atilde;&shy; z&Acirc;&nbsp;n&Atilde;&iexcl;s tuto dobu u&Aring;&frac34;&Atilde;&shy;vaj&Atilde;&shy;, u m&Auml;&#8250; tomu tak nen&Atilde;&shy;. J&Atilde;&iexcl; tuto dobu a obzvl&Atilde;&iexcl;&Aring;&iexcl;t&Auml;&#8250; tuto &Auml;&Atilde;&iexcl;st dovolen&Atilde;&copy; nem&Atilde;&iexcl;m r&Atilde;&iexcl;d.Ven m&Auml;&#8250; to v&Acirc;&nbsp;zim&Auml;&#8250; net&Atilde;&iexcl;hne. A zat&Atilde;&shy;mco jin&Atilde;&shy; jdou ly&Aring;&frac34;ovat, s&Atilde;&iexcl;&Aring;&#710;kovat, bobovat, koulovat se nebo stav&Auml;&#8250;t sn&Auml;&#8250;hul&Atilde;&iexcl;ka &Auml;i rovnou igl&Atilde;&ordm;, mn&Auml;&#8250; tyto &Auml;innosti nic ne&Aring;&#8482;&Atilde;&shy;kaj&Atilde;&shy; a rad&Auml;&#8250;ji z&Aring;&macr;st&Atilde;&iexcl;v&Atilde;&iexcl;m zav&Aring;&#8482;en&Atilde;&frac12; doma, v&Acirc;&nbsp;teple. A ani pohled z&Acirc;&nbsp;pohodl&Atilde;&shy; domova ven z&Acirc;&nbsp;okna m&Auml;&#8250; nenapl&Aring;&#710;uje &Aring;&frac34;&Atilde;&iexcl;dn&Atilde;&frac12;m &Aring;&iexcl;t&Auml;&#8250;st&Atilde;&shy;m, proto&Aring;&frac34;e co vid&Atilde;&shy;m? V&Acirc;&nbsp;nejlep&Aring;&iexcl;&Atilde;&shy;m p&Aring;&#8482;&Atilde;&shy;pad&Auml;&#8250; b&Atilde;&shy;lou plochu s&Acirc;&nbsp;opadan&Atilde;&frac12;mi a smutn&Auml;&#8250; vypadaj&Atilde;&shy;c&Atilde;&shy;mi stromy. A to pro m&Auml;&#8250; nen&Atilde;&shy; to prav&Atilde;&copy;.A V&Atilde;&iexcl;noce? Potomstvo u&Aring;&frac34; d&Atilde;&iexcl;vno odrostlo a o&Auml;i rozz&Atilde;&iexcl;&Aring;&#8482;en&Atilde;&copy; p&Aring;&#8482;i pohledu na rozsv&Atilde;&shy;cen&Atilde;&frac12; stromek a d&Atilde;&iexcl;rky pod n&Atilde;&shy;m jsou ty tam. A s&Atilde;&iexcl;m u&Aring;&frac34; na Je&Aring;&frac34;&Atilde;&shy;&Aring;&iexcl;ka tak&Atilde;&copy; d&Atilde;&iexcl;vno nev&Auml;&#8250;&Aring;&#8482;&Atilde;&shy;m, tak&Aring;&frac34;e se ani s&Atilde;&iexcl;m na n&Auml;&#8250;jak&Atilde;&frac12; ten &Aring;&iexcl;t&Auml;&#8250;dr&Atilde;&frac12; ve&Auml;er net&Auml;&#8250;&Aring;&iexcl;&Atilde;&shy;m.Zkr&Atilde;&iexcl;tka a dob&Aring;&#8482;e zimn&Atilde;&shy; volno n&Auml;&#8250;jak p&Aring;&#8482;e&Auml;k&Atilde;&iexcl;v&Atilde;&iexcl;m. A sna&Aring;&frac34;&Atilde;&shy;m se ho zab&Atilde;&shy;t u televize, kter&Atilde;&iexcl; m&Auml;&#8250; ale tak&Atilde;&copy; moc neuspokojuje. Zn&Atilde;&iexcl;te to &acirc;&#8364;&#8220; poh&Atilde;&iexcl;dky u&Aring;&frac34; nejsou pro m&Auml;&#8250; a ostatn&Atilde;&shy; programy stoj&Atilde;&shy; v&Auml;&#8250;t&Aring;&iexcl;inou za to, za co stoj&Atilde;&shy;. A teprve letos se za&Auml;&Atilde;&shy;n&Atilde;&iexcl;m na zimu p&Aring;&#8482;ece jenom t&Auml;&#8250;&Aring;&iexcl;it. Proto&Aring;&frac34;e letos mi o t&Atilde;&copy;to dovolen&Atilde;&copy; zima nebude. Kone&Auml;n&Auml;&#8250; jsem vystihl ten prav&Atilde;&frac12; okam&Aring;&frac34;ik a &Auml;irou n&Atilde;&iexcl;hodou objevil snesiteln&Auml;&#8250; drah&Atilde;&copy; letenky tam, kde to m&Atilde;&iexcl;m r&Atilde;&iexcl;d. Sice ne zrovna ide&Atilde;&iexcl;ln&Atilde;&shy;, ale p&Aring;&#8482;esto aspo&Aring;&#710; relativn&Auml;&#8250; p&Aring;&#8482;&Atilde;&shy;zniv&Atilde;&copy;. A tak budu m&Atilde;&shy;t o V&Atilde;&iexcl;noc&Atilde;&shy;ch druh&Atilde;&copy; l&Atilde;&copy;to. Na opa&Auml;n&Atilde;&copy; polokouli. Na jihu Afriky. Nam&Atilde;&shy;sto zimn&Atilde;&shy; bundy budu chodit jenom v&Acirc;&nbsp;kra&Aring;&yen;asech, nam&Atilde;&shy;sto z&Atilde;&iexcl;v&Auml;&#8250;j&Atilde;&shy; nebo marastu se budu brodit v&Acirc;&nbsp;zahradn&Atilde;&shy;m baz&Atilde;&copy;nu. Jenom kapra a strome&Auml;ek budu muset o&Aring;&frac34;elet, ale to p&Aring;&#8482;ece nevad&Atilde;&shy;. Kdy&Aring;&frac34; nejsem n&Atilde;&iexcl;bo&Aring;&frac34;ensky zalo&Aring;&frac34;en&Atilde;&frac12; a nem&Atilde;&iexcl;m ani jin&Atilde;&frac12; d&Aring;&macr;vod V&Atilde;&iexcl;noce slavit.A tak str&Atilde;&iexcl;v&Atilde;&shy;m &Aring;&iexcl;t&Auml;&#8250;dr&Atilde;&frac12; ve&Auml;er v&Acirc;&nbsp;letadle nad Ji&Aring;&frac34;n&Atilde;&shy; Afrikou. A Silvestra cestou zp&Auml;&#8250;t z&Aring;&#8482;ejm&Auml;&#8250; n&Auml;&#8250;kde nad rovn&Auml;&#8250;&Aring;&frac34; &acirc;&#8364;&#353;jihem&acirc;&#8364;&#732; &acirc;&#8364;&#8220; pro zm&Auml;&#8250;nu ale nad Ji&Aring;&frac34;n&Atilde;&shy;m S&Atilde;&ordm;d&Atilde;&iexcl;nem. A mezi t&Atilde;&shy;m bude kone&Auml;n&Auml;&#8250; jednou zima, jak&Atilde;&iexcl; se mi l&Atilde;&shy;b&Atilde;&shy;. A co si p&Aring;&#8482;&Atilde;&iexcl;t o dovolen&Atilde;&copy; v&Atilde;&shy;c?                                                                                                                                                                                                                                                                                                                                                                                                "},{"@context":"https:\/\/schema.org\/","@type":"BreadcrumbList","itemListElement":[{"@type":"ListItem","position":1,"name":"Nen\u00ed dovolen\u00e1 jako dovolen\u00e1","item":"https:\/\/www.bellafit.cz\/neni-dovolena-jako-dovolena\/#breadcrumbitem"}]}]