[{"@context":"https:\/\/schema.org\/","@type":"Article","@id":"https:\/\/www.bellafit.cz\/nainstalujeme-vam-centralni-zamykani\/#Article","mainEntityOfPage":"https:\/\/www.bellafit.cz\/nainstalujeme-vam-centralni-zamykani\/","headline":"Nainstalujeme v\u00e1m centr\u00e1ln\u00ed zamyk\u00e1n\u00ed","name":"Nainstalujeme v\u00e1m centr\u00e1ln\u00ed zamyk\u00e1n\u00ed","description":"P\u0159edm\u011btem na\u0161\u00ed \u010dinnosti jsou opravy v\u0161ech osobn\u00edch a lehk\u00fdch n\u00e1kladn\u00edch vozidel. Zab\u00fdv\u00e1me se m\u011b\u0159en\u00edm emis\u00ed. N\u00e1\u0161 Audi servis.","datePublished":"2025-08-30","dateModified":"2025-08-30","author":{"@type":"Person","@id":"https:\/\/www.bellafit.cz\/author\/devene\/#Person","name":"devene","url":"https:\/\/www.bellafit.cz\/author\/devene\/","identifier":1,"image":{"@type":"ImageObject","@id":"https:\/\/secure.gravatar.com\/avatar\/7726f7b8e3ba8979c4cf2ad896cb2e8cc05af8ceb17ce4fb40617b72e0be53b4?s=96&d=mm&r=g","url":"https:\/\/secure.gravatar.com\/avatar\/7726f7b8e3ba8979c4cf2ad896cb2e8cc05af8ceb17ce4fb40617b72e0be53b4?s=96&d=mm&r=g","height":96,"width":96}},"publisher":{"@type":"Organization","name":"bellafit.cz","logo":{"@type":"ImageObject","@id":"\/logo.png","url":"\/logo.png","width":600,"height":60}},"url":"https:\/\/www.bellafit.cz\/nainstalujeme-vam-centralni-zamykani\/","wordCount":181,"articleBody":"P\u0159edm\u011btem na\u0161\u00ed \u010dinnosti jsou opravy v\u0161ech osobn\u00edch a lehk\u00fdch n\u00e1kladn\u00edch vozidel. Zab\u00fdv\u00e1me se m\u011b\u0159en\u00edm emis\u00ed. N\u00e1\u0161 Audi servis se sna\u017e\u00ed vych\u00e1zet v\u0161em sv\u00fdm z\u00e1kazn\u00edk\u016fm maxim\u00e1ln\u011b vst\u0159\u00edc. Uv\u011bdomujeme si velmi dob\u0159e, \u017ee na\u0161e slu\u017eby jsou tady v\u00fdhradn\u011b pro v\u00e1s. Jsme nejen vst\u0159\u00edcn\u00ed, ale i ochotn\u00ed a velmi pracovit\u00ed. Sv\u00e9 \u0159emeslo ovl\u00e1d\u00e1me velmi dob\u0159e. Porad\u00edme si i s va\u0161imi vozidly. Vy\u0159\u00edd\u00edme za v\u00e1s pojistn\u00e9 ud\u00e1losti V\u011bnujeme pozornost v\u0161em osobn\u00edm, ale i lehk\u00fdm n\u00e1kladn\u00edm automobil\u016fm. Oprav\u00edme v\u00e1m je a d\u00e1me do po\u0159\u00e1dku tak, aby byla schopna \u00fa\u010dastnit se dal\u0161\u00edho silni\u010dn\u00edho provozu. Nepot\u0159ebujete Audi servis? Pokud ano, budeme se na v\u00e1s t\u011b\u0161it. Pozn\u00e1te, \u017ee t\u00e9to \u010dinnosti se ji\u017e dlouhou dobu v\u011bnujeme. Jsme vybaveni \u0161pi\u010dkov\u00fdm technick\u00fdm za\u0159\u00edzen\u00edm. Tak nev\u00e1hejte a sp\u011bchejte za n\u00e1mi.                                                                                                                                                                                                                                                                                                                                                                                                "},{"@context":"https:\/\/schema.org\/","@type":"BreadcrumbList","itemListElement":[{"@type":"ListItem","position":1,"name":"Nainstalujeme v\u00e1m centr\u00e1ln\u00ed zamyk\u00e1n\u00ed","item":"https:\/\/www.bellafit.cz\/nainstalujeme-vam-centralni-zamykani\/#breadcrumbitem"}]}]