[{"@context":"https:\/\/schema.org\/","@type":"Article","@id":"https:\/\/www.bellafit.cz\/moderni-doba-chce-i-moderni-obleceni\/#Article","mainEntityOfPage":"https:\/\/www.bellafit.cz\/moderni-doba-chce-i-moderni-obleceni\/","headline":"Modern\u00ed doba chce i modern\u00ed oble\u010den\u00ed.","name":"Modern\u00ed doba chce i modern\u00ed oble\u010den\u00ed.","description":"Kvalita za dobrou cenu? Obnovujete si st\u00e1le ka\u017ed\u00fd rok sv\u016fj dosavadn\u00ed \u0161atn\u00edk? Pokud ano, tak zav\u00edtejte pr\u00e1v\u011b a.","datePublished":"2023-04-18","dateModified":"2023-05-18","author":{"@type":"Person","@id":"https:\/\/www.bellafit.cz\/author\/devene\/#Person","name":"devene","url":"https:\/\/www.bellafit.cz\/author\/devene\/","identifier":1,"image":{"@type":"ImageObject","@id":"https:\/\/secure.gravatar.com\/avatar\/7726f7b8e3ba8979c4cf2ad896cb2e8cc05af8ceb17ce4fb40617b72e0be53b4?s=96&d=mm&r=g","url":"https:\/\/secure.gravatar.com\/avatar\/7726f7b8e3ba8979c4cf2ad896cb2e8cc05af8ceb17ce4fb40617b72e0be53b4?s=96&d=mm&r=g","height":96,"width":96}},"publisher":{"@type":"Organization","name":"bellafit.cz","logo":{"@type":"ImageObject","@id":"\/logo.png","url":"\/logo.png","width":600,"height":60}},"image":{"@type":"ImageObject","@id":"https:\/\/www.bellafit.cz\/wp-content\/uploads\/box-ga16b1c8ef_640.jpg","url":"https:\/\/www.bellafit.cz\/wp-content\/uploads\/box-ga16b1c8ef_640.jpg","height":0,"width":0},"url":"https:\/\/www.bellafit.cz\/moderni-doba-chce-i-moderni-obleceni\/","about":["N\u00e1kupy"],"wordCount":448,"articleBody":"       Kvalita za dobrou cenu? Obnovujete si st\u00e1le ka\u017ed\u00fd rok sv\u016fj dosavadn\u00ed \u0161atn\u00edk? Pokud ano, tak zav\u00edtejte pr\u00e1v\u011b a dnes k n\u00e1m, a rozhodn\u011b si vyberete. Chcete se u\u017e nadobro rozlou\u010dit se sv\u00fdm star\u00fdm \u0161atn\u00edkem a za\u010d\u00edt \u017e\u00edt zase naplno? Jestli\u017ee ano, tak zav\u00edtejte k n\u00e1m a najd\u011bte si to sv\u00e9 prav\u00e9 j\u00e1. M\u00e1me oble\u010den\u00ed nejen pro \u017eeny a mu\u017ee, ale tak\u00e9 i pro d\u011bti. Zvykli jste si na mo\u017enost si nakoupit z pohodl\u00ed domova, kdy nemus\u00edte \u010dekat ve front\u00e1ch, anebo se snad d\u00edvat na to, jak se ostatn\u00ed perou o posledn\u00ed velikost vystaven\u00e9ho oble\u010den\u00ed? Tato doba sice za n\u00e1mi st\u00e1le je\u0161t\u011b nen\u00ed, ale nab\u00edz\u00ed se tak\u00e9 skute\u010dnost, \u017ee za p\u00e1r minut budete m\u00edt v\u0161e ve sv\u00e9m internetov\u00e9m ko\u0161\u00edku a za p\u00e1r dn\u00ed doma. Kdo sh\u00e1n\u00ed d\u00e1rky na posledn\u00ed chv\u00edli a boj\u00ed se, \u017ee danou velikost m\u00edt nebudou, tak pro toho jste samoz\u0159ejm\u011b tak\u00e9 vhodn\u00e9 \u0159e\u0161en\u00ed. Je jedno zda jezd\u00edte pravideln\u011b na v\u00fdlety nebo si jednou za \u010das ud\u011bl\u00e1te po\u0159\u00e1dnou dovolenou n\u011bkde na hor\u00e1ch. Ka\u017ed\u00fd si u n\u00e1s najde to sv\u00e9. Kdo by se necht\u011bl l\u00edbit a vypadat jako kdyby pr\u00e1v\u011b vy\u0161el z n\u011bjak\u00e9 m\u00f3dn\u00ed p\u0159ehl\u00eddky kdy na n\u011bm spo\u010dinou o\u010di ostatn\u00edch? My rozhodn\u011b tak chceme vypadat, a jeliko\u017e jdeme s dobou tak u n\u00e1s m\u00e1te jistotu toho, \u017ee v\u0161e je modern\u00ed. Nav\u00edc kvalita je na prvn\u00edm m\u00edst\u011b, a proto po p\u00e1r pran\u00edch se v\u00e1m s na\u0161\u00edm oble\u010den\u00ed nic nestane.Chod\u00edte pravideln\u011b b\u011bhat? Tak triko craft na tento sport rozhodn\u011b pot\u0159ebujete. Funk\u010dn\u00ed oble\u010den\u00ed odv\u00e1d\u00ed pot a nech\u00e1v\u00e1 v\u00e1s nav\u00edc tak\u00e9 v teple. Proto je vhodn\u00e9 nejen pro za\u010d\u00e1te\u010dn\u00edky, ale tak\u00e9 pro dal\u0161\u00ed sportovce, a to nejen na b\u011bh, ale i na dal\u0161\u00ed sporty, kter\u00e9 jsou rozhodn\u011b dobr\u00e9 pro ka\u017ed\u00e9ho. Ka\u017ed\u00fd pohyb se po\u010d\u00edt\u00e1, a jeliko\u017e spousta z n\u00e1s se tolik neh\u00fdbe a ve\u010der se vrhne na lednici, proto\u017ee nem\u00e1 p\u0159es den nav\u00edc \u010das se po\u0159\u00e1dn\u011b naj\u00edst, tak na prvn\u00edm m\u00edst\u011b mus\u00ed b\u00fdt, alespo\u0148 n\u011bjak\u00e1 ta del\u0161\u00ed proch\u00e1zka, na kterou si najde \u010das snad ka\u017ed\u00fd, kdo se nechce vymlouvat. T\u011b\u0161\u00edme se ji\u017e dnes na va\u0161e objedn\u00e1vky, ale tak\u00e9 i dotazy.                                                                                                                                                                                                                                                                                                                                                                                                  "},{"@context":"https:\/\/schema.org\/","@type":"BreadcrumbList","itemListElement":[{"@type":"ListItem","position":1,"name":"Modern\u00ed doba chce i modern\u00ed oble\u010den\u00ed.","item":"https:\/\/www.bellafit.cz\/moderni-doba-chce-i-moderni-obleceni\/#breadcrumbitem"}]}]