[{"@context":"https:\/\/schema.org\/","@type":"Article","@id":"https:\/\/www.bellafit.cz\/fotovoltaika-s-tepelnym-cerpadlem\/#Article","mainEntityOfPage":"https:\/\/www.bellafit.cz\/fotovoltaika-s-tepelnym-cerpadlem\/","headline":"Fotovoltaika s tepeln\u00fdm \u010derpadlem","name":"Fotovoltaika s tepeln\u00fdm \u010derpadlem","description":"V\u00fdroba elekt\u0159iny Nejvy\u0161\u0161\u00edm v\u00fddajem p\u0159i provozu tepeln\u00e9ho \u010derpadla je bezpochyby elektrick\u00e1 energie, a to p\u0159edev\u0161\u00edm kdy\u017e je velk\u00fd.","datePublished":"2023-07-21","dateModified":"2023-07-21","author":{"@type":"Person","@id":"https:\/\/www.bellafit.cz\/author\/devene\/#Person","name":"devene","url":"https:\/\/www.bellafit.cz\/author\/devene\/","identifier":1,"image":{"@type":"ImageObject","@id":"https:\/\/secure.gravatar.com\/avatar\/7726f7b8e3ba8979c4cf2ad896cb2e8cc05af8ceb17ce4fb40617b72e0be53b4?s=96&d=mm&r=g","url":"https:\/\/secure.gravatar.com\/avatar\/7726f7b8e3ba8979c4cf2ad896cb2e8cc05af8ceb17ce4fb40617b72e0be53b4?s=96&d=mm&r=g","height":96,"width":96}},"publisher":{"@type":"Organization","name":"bellafit.cz","logo":{"@type":"ImageObject","@id":"\/logo.png","url":"\/logo.png","width":600,"height":60}},"image":{"@type":"ImageObject","@id":"https:\/\/www.bellafit.cz\/wp-content\/uploads\/pexels-trinh-tr%E1%BA%A7n-14614021_3.jpg","url":"https:\/\/www.bellafit.cz\/wp-content\/uploads\/pexels-trinh-tr%E1%BA%A7n-14614021_3.jpg","height":0,"width":0},"url":"https:\/\/www.bellafit.cz\/fotovoltaika-s-tepelnym-cerpadlem\/","about":["N\u00e1kupy"],"wordCount":401,"articleBody":"   V\u00fdroba elekt\u0159inyNejvy\u0161\u0161\u00edm v\u00fddajem p\u0159i provozu tepeln\u00e9ho \u010derpadla je bezpochyby elektrick\u00e1 energie, a to p\u0159edev\u0161\u00edm kdy\u017e je velk\u00fd mr\u00e1z u syst\u00e9mu, kter\u00fd \u010derp\u00e1 teplo ze vzduchu. O ob\u011bh pracovn\u00ed l\u00e1tky v \u010derpadle se toti\u017e star\u00e1 kompresor poh\u00e1n\u011bn\u00fd elektrick\u00fdm motorem ze s\u00edt\u011b. Abychom za provoz \u010derpadla v\u00fdrazn\u011b u\u0161et\u0159ily je tedy vhodn\u00e9 m\u00edst vlastn\u00ed zdroj elekt\u0159iny a t\u00edm je fotovoltaick\u00e1 elektr\u00e1rna. Jednodu\u0161e m\u00e1me na st\u0159e\u0161e panely, kter\u00e9 p\u0159em\u011b\u0148uj\u00ed slune\u010dn\u00ed paprsky na elektrickou energii, p\u0159i\u010dem\u017e v\u00fdhodou je tedy obnoviteln\u00fd zdroj energie, kter\u00fd nezne\u010di\u0161\u0165uje t\u0159eba ovzdu\u0161\u00ed.Samoz\u0159ejm\u011b krom\u011b tepeln\u00e9ho \u010derpadla n\u00e1m bude vyr\u00e1b\u011bt elekt\u0159inu pro celou dom\u00e1cnost, tak\u017ee n\u00e1vratnost cel\u00e9 investice se je\u0161t\u011b zlep\u0161\u00ed. Pochopiteln\u011b je pot\u0159eba b\u00fdt st\u00e1le napojen\u00fd na elektr\u00e1rnu, proto\u017ee b\u011bhem \u0161kared\u00e9ho po\u010das\u00ed nemus\u00ed v\u00fdkon panel\u016f sta\u010dit. Pot\u0159ebn\u00fd v\u00fdkon z\u00e1le\u017e\u00ed na na\u0161em odb\u011bru, proto\u017ee n\u011bkdo chce krom\u011b topen\u00ed dob\u00edjet pomoc\u00ed vyroben\u00e9 energie sv\u016fj elektromobil.Topen\u00edA\u0165 u\u017e ve sv\u00e9 nemovitosti vyt\u00e1p\u00edme jak\u00fdmkoliv zdrojem tepla, tak nic nezkaz\u00edme t\u00edm, \u017ee si nech\u00e1me svou nemovitost \u0159\u00e1dn\u011b zateplit. Jak je zn\u00e1mo, tak teplo p\u0159ech\u00e1z\u00ed z t\u011blesa teplej\u0161\u00edho na studen\u011bj\u0161\u00ed. To v praxi znamen\u00e1, \u017ee t\u0159eba oh\u0159eje st\u011bnu a potom unik\u00e1 ven. Tyto ztr\u00e1ty bohu\u017eel zvy\u0161uj\u00ed nutn\u00fd v\u00fdkon na\u0161eho zdroje tepla a t\u00edm p\u0159\u00edmo zdra\u017euj\u00ed cenu za energie \u010di tuh\u00e1 paliva. Nechte si proto termokameru zm\u011b\u0159it, jestli V\u00e1m n\u011bkde neunik\u00e1 zbyte\u010dn\u011b moc tepla a p\u0159\u00edpadn\u011b dan\u00e9 prostory zateplit. Zateplen\u00ed zase n\u011bco stoj\u00ed, ov\u0161em \u010dasem se n\u00e1m vr\u00e1t\u00ed. Za jak dlouho to bude z\u00e1le\u017e\u00ed dost na aktu\u00e1ln\u00ed cen\u011b stavebn\u00edch materi\u00e1l\u016f. N\u00e1sledn\u011b n\u00e1m m\u016f\u017ee sta\u010dit i slab\u0161\u00ed tepeln\u00e9 \u010derpadlo. Je vhodn\u00e9 nastudovat si principy jednotliv\u00fdch variant a podle toho si ud\u011blat p\u0159ehled o tom, jak\u00fd by mohl b\u00fdt pro na\u0161i nemovitost nejvhodn\u011bj\u0161\u00ed. S kone\u010dn\u00fdm v\u00fdb\u011brem i mont\u00e1\u017e\u00ed V\u00e1m pom\u016f\u017eou \u010derpadla Plze\u0148, proto\u017ee ti se specializuj\u00ed na fotovoltaiku i tepeln\u00e1 \u010derpadla.                                                                                                                                                                                                                                                                                                                                                                                                  "},{"@context":"https:\/\/schema.org\/","@type":"BreadcrumbList","itemListElement":[{"@type":"ListItem","position":1,"name":"Fotovoltaika s tepeln\u00fdm \u010derpadlem","item":"https:\/\/www.bellafit.cz\/fotovoltaika-s-tepelnym-cerpadlem\/#breadcrumbitem"}]}]