[{"@context":"https:\/\/schema.org\/","@type":"Article","@id":"https:\/\/www.bellafit.cz\/designovy-a-funkcni-prvek\/#Article","mainEntityOfPage":"https:\/\/www.bellafit.cz\/designovy-a-funkcni-prvek\/","headline":"Designov\u00fd a funk\u010dn\u00ed prvek","name":"Designov\u00fd a funk\u010dn\u00ed prvek","description":"P\u0159i v\u00fdb\u011bru domu je d\u016fle\u017eit\u00e9 myslet i na to, co bude nebo m\u016f\u017ee b\u00fdt za p\u00e1r let. Nikdy.","datePublished":"2023-05-28","dateModified":"2023-06-29","author":{"@type":"Person","@id":"https:\/\/www.bellafit.cz\/author\/devene\/#Person","name":"devene","url":"https:\/\/www.bellafit.cz\/author\/devene\/","identifier":1,"image":{"@type":"ImageObject","@id":"https:\/\/secure.gravatar.com\/avatar\/7726f7b8e3ba8979c4cf2ad896cb2e8cc05af8ceb17ce4fb40617b72e0be53b4?s=96&d=mm&r=g","url":"https:\/\/secure.gravatar.com\/avatar\/7726f7b8e3ba8979c4cf2ad896cb2e8cc05af8ceb17ce4fb40617b72e0be53b4?s=96&d=mm&r=g","height":96,"width":96}},"publisher":{"@type":"Organization","name":"bellafit.cz","logo":{"@type":"ImageObject","@id":"\/logo.png","url":"\/logo.png","width":600,"height":60}},"image":{"@type":"ImageObject","@id":"https:\/\/www.bellafit.cz\/wp-content\/uploads\/laro-photography-q0daHGc4hyo-unsplash.jpg","url":"https:\/\/www.bellafit.cz\/wp-content\/uploads\/laro-photography-q0daHGc4hyo-unsplash.jpg","height":0,"width":0},"url":"https:\/\/www.bellafit.cz\/designovy-a-funkcni-prvek\/","about":["N\u00e1kupy"],"wordCount":417,"articleBody":"      P\u0159i v\u00fdb\u011bru domu je d\u016fle\u017eit\u00e9 myslet i na to, co bude nebo m\u016f\u017ee b\u00fdt za p\u00e1r let. Nikdy nikdo nev\u00edme p\u0159edem v jak\u00e9 situaci budeme my nebo na\u0161i bl\u00edzc\u00ed, a tak je pot\u0159eba m\u00edt p\u0159ipraven\u00e9 \u0159e\u0161en\u00ed i pro p\u0159\u00edpad kdy budeme omezeni v pohybu. Proto bychom m\u011bli m\u00edt bu\u010f zcela bezbari\u00e9rov\u00e9 bydlen\u00ed a nebo pokud budete m\u00edt patrov\u00fd d\u016fm, aby byl v p\u0159\u00edzem\u00ed alespo\u0148 jeden obytn\u00fd pokoj. Naprost\u00e1 v\u011bt\u0161ina lid\u00ed dnes vol\u00ed p\u0159\u00edzemn\u00ed bungalovy, proto\u017ee u nich opad\u00e1 pot\u0159eba chodit po schodech. Jen\u017ee v\u011bt\u0161ina dobr\u00fd pozemk\u016f u\u017e je pry\u010d a tak nezb\u00fdv\u00e1 ne\u017e stav\u011bt i na men\u0161\u00edch pozemc\u00edch, kter\u00e9 u\u017e nedovoluj\u00ed postavit d\u016fm na v\u011bt\u0161\u00ed zastav\u011bn\u00e9 plo\u0161e. Je pot\u0159eba m\u00edstem \u0161et\u0159it, ale p\u0159esto se lid\u00e9 ani v takov\u00e9m p\u0159\u00edpad\u011b necht\u011bj\u00ed omezovat na u\u017eitkov\u00e9 plo\u0161e domu. A pr\u00e1v\u011b tady v\u00edt\u011bz\u00ed patrov\u00e9 domy. Vyzna\u010duj\u00ed se \u010dasto men\u0161\u00ed zastav\u011bnou plochou, ale velkou u\u017eitkovou plochou.N\u011bco za n\u011bco U patrov\u00e9ho domu m\u00e1te sice v\u011bt\u0161\u00ed kus zahrady, ale zase mus\u00edte neust\u00e1le chodit po schodech. Velmi z\u00e1le\u017e\u00ed na tom, jak\u00fd projekt si \u010dlov\u011bk zvol\u00ed. Pokud m\u00e1te v pat\u0159e nap\u0159\u00edklad jen lo\u017enice, kam v\u011bt\u0161ina lid\u00ed chod\u00ed jen ve\u010der na span\u00ed, je to daleko lep\u0161\u00ed ne\u017e m\u00edt v pat\u0159e t\u0159eba koupelnu nebo kuchyni, kde v\u011bt\u0161ina lid\u00ed tr\u00e1v\u00ed nejv\u00edc \u010dasu. Abyste se do patra dostali, pot\u0159ebujete samoz\u0159ejm\u011b schody, bez kter\u00fdch to nejde. D\u0159\u00edv bylo b\u011b\u017en\u00e9 \u017ee se na schody p\u0159\u00edli\u0161 neupozor\u0148ovalo, ale v sou\u010dasn\u00e9 dob\u011b mohou b\u00fdt velmi dominantn\u00ed \u010d\u00e1st\u00ed domu. Cht\u011bli byste neobvykl\u00e9 schody, ale je\u0161t\u011b nev\u00edte jak by m\u011bly vypadat?V m\u00f3d\u011b je te\u010f samonosn\u00e9 schodi\u0161t\u011b, co\u017e je typ schod\u016f, kde jsou n\u00e1\u0161lapy zabudovan\u00e9 ve zdi. Z\u00e1bradl\u00ed se v\u011bt\u0161inou \u0159e\u0161\u00ed tak \u017ee vede od n\u00e1\u0161lap\u016f po strop, tak\u017ee schody samotn\u00e9 vypadaj\u00ed jako by levovaly v prostoru. O bezpe\u010dnost se b\u00e1t nemus\u00edte, schody jsou pevn\u00e9, a jejich v\u00fdrobci mus\u00ed spl\u0148ovat bezpe\u010dnostn\u00ed po\u017eadavky. Inspirujte se na soci\u00e1ln\u00edch s\u00edt\u00edch a zvolte si schodi\u0161t\u011b podle va\u0161eho gusta.                                                                                                                                                                                                                                                                                                                                                                                                  "},{"@context":"https:\/\/schema.org\/","@type":"BreadcrumbList","itemListElement":[{"@type":"ListItem","position":1,"name":"Designov\u00fd a funk\u010dn\u00ed prvek","item":"https:\/\/www.bellafit.cz\/designovy-a-funkcni-prvek\/#breadcrumbitem"}]}]