[{"@context":"https:\/\/schema.org\/","@type":"Article","@id":"https:\/\/www.bellafit.cz\/dejte-detem-klice-na-krk-a-mate-klid\/#Article","mainEntityOfPage":"https:\/\/www.bellafit.cz\/dejte-detem-klice-na-krk-a-mate-klid\/","headline":"Dejte d\u011btem kl\u00ed\u010de na krk a m\u00e1te klid","name":"Dejte d\u011btem kl\u00ed\u010de na krk a m\u00e1te klid","description":"Ka\u017ed\u00fd rodi\u010d chce sv\u00fdm d\u011btem d\u00e1t to nejlep\u0161\u00ed, odmysl\u00edme-li si psychicky nemocn\u00e9 psychopaty, co d\u011bti zneu\u017e\u00edvaj\u00ed, ubli\u017euj\u00ed jim.","datePublished":"2024-02-14","dateModified":"2024-03-15","author":{"@type":"Person","@id":"https:\/\/www.bellafit.cz\/author\/devene\/#Person","name":"devene","url":"https:\/\/www.bellafit.cz\/author\/devene\/","identifier":1,"image":{"@type":"ImageObject","@id":"https:\/\/secure.gravatar.com\/avatar\/7726f7b8e3ba8979c4cf2ad896cb2e8cc05af8ceb17ce4fb40617b72e0be53b4?s=96&d=mm&r=g","url":"https:\/\/secure.gravatar.com\/avatar\/7726f7b8e3ba8979c4cf2ad896cb2e8cc05af8ceb17ce4fb40617b72e0be53b4?s=96&d=mm&r=g","height":96,"width":96}},"publisher":{"@type":"Organization","name":"bellafit.cz","logo":{"@type":"ImageObject","@id":"\/logo.png","url":"\/logo.png","width":600,"height":60}},"image":{"@type":"ImageObject","@id":"https:\/\/www.bellafit.cz\/wp-content\/uploads\/key-3348307_640_2.jpg","url":"https:\/\/www.bellafit.cz\/wp-content\/uploads\/key-3348307_640_2.jpg","height":0,"width":0},"url":"https:\/\/www.bellafit.cz\/dejte-detem-klice-na-krk-a-mate-klid\/","about":["N\u00e1kupy"],"wordCount":425,"articleBody":"   Ka\u017ed\u00fd rodi\u010d chce sv\u00fdm d\u011btem d\u00e1t to nejlep\u0161\u00ed, odmysl\u00edme-li si psychicky nemocn\u00e9 psychopaty, co d\u011bti zneu\u017e\u00edvaj\u00ed, ubli\u017euj\u00ed jim a t\u00fdraj\u00ed je. V dobr\u00e9 v\u00ed\u0159e poskytujeme d\u011btem p\u00e9\u010di v rodin\u011b, co se t\u00fd\u010de z\u00e1zem\u00ed, od\u00edv\u00e1n\u00ed, stravov\u00e1n\u00ed a samoz\u0159ejm\u011b i v\u00fdchovy a osobn\u00edho kontaktu. Sna\u017e\u00edme se p\u0159\u00e1t d\u011btem i volnost, aby se mohly pohybovat venku na \u010derstv\u00e9m vzduchu a hr\u00e1t si tak, jako jsme si hr\u00e1li my, na indi\u00e1ny, na kosmonauty a na cokoli dal\u0161\u00edho je napadne.Jakmile se d\u011bti vypravuj\u00ed ven, maj\u00ed u sebe krom\u011b sva\u010diny, hodinek a vhodn\u00e9ho oble\u010den\u00ed i kl\u00ed\u010de a s nimi b\u00fdv\u00e1 \u010dasto pot\u00ed\u017e, kam je um\u00edstit, aby nep\u0159ek\u00e1\u017eely a aby se neztratily.Kl\u00ed\u010de v kapse \u2013 kl\u00ed\u010de po kaps\u00e1ch b\u00fdvaj\u00ed sice nej\u010dast\u011bji, ale je to to nejhor\u0161\u00ed m\u00edsto ze v\u0161ech. Kdyby se d\u011bti pouze proch\u00e1zely po parku a nem\u011bnily svou polohu, je kapsa ide\u00e1ln\u00ed m\u00edsto pro \u00faschovu kl\u00ed\u010d\u016f, ale ony b\u011bhaj\u00ed a skota\u010d\u00ed a to, co se nach\u00e1z\u00ed v tu chv\u00edli po kaps\u00e1ch, se z nich m\u016f\u017ee vytrousit. Vytrousit kl\u00ed\u010de z kapes se n\u011bkdy poda\u0159\u00ed i dosp\u011bl\u00fdm lidem, proto je v\u00fdhodn\u011bj\u0161\u00ed ukl\u00e1dat je jinam.Kl\u00ed\u010de v zavazadle \u2013 kl\u00ed\u010de neb\u00fdvaj\u00ed v zavazadlech pod p\u0159\u00edmou kontrolou, proto je tak\u00e9 m\u016f\u017eete celkem snadno n\u011bkde ztratit, nap\u0159\u00edklad pokud zapomenete, \u017ee jste je tam ukl\u00e1dali. N\u011bkter\u00e1 zavazadla tak\u00e9 m\u00edvaj\u00ed mnoho p\u0159ihr\u00e1dek a hled\u00e1n\u00ed ztracen\u00fdch kl\u00ed\u010d\u016f zbyte\u010dn\u011b kr\u00e1t\u00ed lidem drahocenn\u00fd \u010das. A d\u011bti si neberou ven s sebou poka\u017ed\u00e9 bat\u016f\u017eek, aktovku nebo ta\u0161ku p\u0159es rameno, pro n\u011b je mnohdy zavazadlo sp\u00ed\u0161e probl\u00e9m, ne\u017e v\u00fdpomoc.Kl\u00ed\u010de na krku \u2013 kl\u00ed\u010denka na krk je sice pon\u011bkud primitivn\u00ed, ale z\u00e1rove\u0148 je velmi \u00fa\u010dinn\u00e1. Je prakticky vylou\u010deno, \u017ee byste ji z krku z\u00e1m\u011brn\u011b sundavali, venku v ter\u00e9nu v\u00e1m nebude p\u0159ek\u00e1\u017eet a nav\u00edc cokoli m\u00e1te zav\u011b\u0161en\u00e9ho na krku, nem\u016f\u017eete si toho nev\u0161imnout a p\u0159ehl\u00e9dnout to. D\u011bti tak budou m\u00edt neust\u00e1le p\u0159ehled o tom, kde se jejich svazek kl\u00ed\u010d\u016f nach\u00e1z\u00ed, a bude pro n\u011b snadn\u00e9 pak kdykoli odemknout d\u016fm, anebo sledovat okoln\u00ed d\u011bn\u00ed.                                                                                                                                                                                                                                                                                                                                                                                                  "},{"@context":"https:\/\/schema.org\/","@type":"BreadcrumbList","itemListElement":[{"@type":"ListItem","position":1,"name":"Dejte d\u011btem kl\u00ed\u010de na krk a m\u00e1te klid","item":"https:\/\/www.bellafit.cz\/dejte-detem-klice-na-krk-a-mate-klid\/#breadcrumbitem"}]}]