[{"@context":"https:\/\/schema.org\/","@type":"Article","@id":"https:\/\/www.bellafit.cz\/daji-se-vyklapet\/#Article","mainEntityOfPage":"https:\/\/www.bellafit.cz\/daji-se-vyklapet\/","headline":"Daj\u00ed se vykl\u00e1p\u011bt","name":"Daj\u00ed se vykl\u00e1p\u011bt","description":"Provedeme demont\u00e1\u017e i mont\u00e1\u017e Historie v\u00fdrobk\u016f \u0159ady Trocal je dlouholet\u00e1, ji\u017e v roce 1954 uvedla na trh sv\u00e9.","datePublished":"2025-04-03","dateModified":"2025-04-03","author":{"@type":"Person","@id":"https:\/\/www.bellafit.cz\/author\/devene\/#Person","name":"devene","url":"https:\/\/www.bellafit.cz\/author\/devene\/","identifier":1,"image":{"@type":"ImageObject","@id":"https:\/\/secure.gravatar.com\/avatar\/7726f7b8e3ba8979c4cf2ad896cb2e8cc05af8ceb17ce4fb40617b72e0be53b4?s=96&d=mm&r=g","url":"https:\/\/secure.gravatar.com\/avatar\/7726f7b8e3ba8979c4cf2ad896cb2e8cc05af8ceb17ce4fb40617b72e0be53b4?s=96&d=mm&r=g","height":96,"width":96}},"publisher":{"@type":"Organization","name":"bellafit.cz","logo":{"@type":"ImageObject","@id":"\/logo.png","url":"\/logo.png","width":600,"height":60}},"url":"https:\/\/www.bellafit.cz\/daji-se-vyklapet\/","wordCount":212,"articleBody":" Provedeme demont\u00e1\u017e i mont\u00e1\u017e Historie v\u00fdrobk\u016f \u0159ady Trocal je dlouholet\u00e1, ji\u017e v roce 1954 uvedla na trh sv\u00e9 prvn\u00ed plastov\u00e1 okna! V roce 2000 p\u0159edstavila 5komorov\u00fd syst\u00e9m! Pozd\u011bji vyvinula i v\u00fdrobky s t\u011bsn\u011bn\u00edm st\u0159edov\u00fdm a dorazov\u00fdm. V roce 2007 z\u0159eteln\u011b vylep\u0161ila tepelnou izolaci a dala prostor a stabilitu pro zvukovou izolaci a bezpe\u010d\u00ed! Plastov\u00e1 okna Na\u0161e spole\u010dnost je profesion\u00e1ln\u00ed skupina lid\u00ed, kte\u0159\u00ed jsou na slovo vzat\u00ed odborn\u00edci a v\u011bnuj\u00ed se z\u00e1kazn\u00edk\u016fm od n\u00e1vrhu a\u017e po instalaci! plastov\u00e1 okna si m\u016f\u017ee klient vybrat s pestr\u00e9 \u0161k\u00e1ly. Na\u0161e dodac\u00ed term\u00edny jsou kr\u00e1tk\u00e9, u b\u00edl\u00e9 barvy ji\u017e 14 dn\u00ed. U dekor\u016f slo\u017eit\u011bj\u0161\u00edch je dodac\u00ed lh\u016fta od t\u0159\u00ed do \u010dty\u0159 t\u00fddn\u016f! Pro z\u00e1kazn\u00edka v\u0161e! Je praktick\u00e9 a u\u0161et\u0159\u00ed se t\u00edm spousta \u010dasu, \u017ee m\u00e1 na\u0161e firma vlastn\u00ed automobilovou p\u0159epravu, a tak se dostane V\u00e1mi vybran\u00e9 zbo\u017e\u00ed do c\u00edle v\u010das a bez \u00fahony! My jsme stabiln\u00ed spole\u010dnost, kter\u00e1 poskytuje kvalitn\u00ed slu\u017eby za rozumnou cenu pro ka\u017ed\u00e9ho z\u00e1kazn\u00edka! Plastov\u00e1 okna vyrob\u00edme na m\u00edru a p\u0159izp\u016fsob\u00edme se v\u0161em!                                                                                                                                                                                                                                                                                                                                                                                                "},{"@context":"https:\/\/schema.org\/","@type":"BreadcrumbList","itemListElement":[{"@type":"ListItem","position":1,"name":"Daj\u00ed se vykl\u00e1p\u011bt","item":"https:\/\/www.bellafit.cz\/daji-se-vyklapet\/#breadcrumbitem"}]}]